{"id":6982,"date":"2020-02-25T11:25:12","date_gmt":"2020-02-25T10:25:12","guid":{"rendered":"https:\/\/osatech.ch\/?p=6982"},"modified":"2024-05-21T14:54:48","modified_gmt":"2024-05-21T12:54:48","slug":"ios14-ecco-il-multitasking","status":"publish","type":"post","link":"https:\/\/osatech.ch\/it\/ios14-ecco-il-multitasking\/","title":{"rendered":"IOS 14: ECCO IL MULTITASKING"},"content":{"rendered":"\t\t<div data-elementor-type=\"wp-post\" data-elementor-id=\"6982\" class=\"elementor elementor-6982\" data-elementor-post-type=\"post\">\n\t\t\t\t\t\t<section class=\"elementor-section elementor-top-section elementor-element elementor-element-81e6d63 elementor-section-boxed elementor-section-height-default elementor-section-height-default\" data-id=\"81e6d63\" data-element_type=\"section\" data-e-type=\"section\">\n\t\t\t\t\t\t<div class=\"elementor-container elementor-column-gap-default\">\n\t\t\t\t\t<div class=\"elementor-column elementor-col-100 elementor-top-column elementor-element elementor-element-e7e98e9\" data-id=\"e7e98e9\" data-element_type=\"column\" data-e-type=\"column\">\n\t\t\t<div class=\"elementor-widget-wrap elementor-element-populated\">\n\t\t\t\t\t\t<div class=\"elementor-element elementor-element-4e8b6f5 elementor-widget elementor-widget-text-editor\" data-id=\"4e8b6f5\" data-element_type=\"widget\" data-e-type=\"widget\" data-widget_type=\"text-editor.default\">\n\t\t\t\t\t\t\t\t\t<p>Un nuovo video apparso in rete mostra una build di iOS 14 in esecuzione su iPhone 11 Pro Max. In particolare viene mostrato il nuovo multitasking previsto per lo smartphone della Mela,\u00a0 simile a quella vista in precedenza su iPad. Ecco il filmato.<\/p><p>Si prevede che Apple introdurr\u00e0 diversi cambiamenti significativi nella gamma di iPhone entro la fine dell\u2019anno con la serie iPhone 12. Tuttavia, ancor prima dell\u2019hardware,\u00a0 Apple sar\u00e0 gi\u00e0 al lavoro sul prossimo sistema operativo iOS 14. Il sitema operativo sar\u00e0 mostrato in occasione della Worldwide Developer Conference (WWDC) 2020, che si terr\u00e0 durante il prossimo giugno,\u00a0<a href=\"https:\/\/www.macitynet.it\/coronavirus-saltera-anche-la-wwdc-di-apple\/\">coronavirus permettendo<\/a>.<\/p><p><img fetchpriority=\"high\" decoding=\"async\" class=\"aligncenter size-full wp-image-919893 lazyloaded\" title=\"Ecco il multitasking iOS 14 in video\" src=\"https:\/\/www.macitynet.it\/wp-content\/uploads\/2020\/02\/ios-14-3-watermark-696x928-1.png\" sizes=\"(max-width: 696px) 100vw, 696px\" srcset=\"https:\/\/www.macitynet.it\/wp-content\/uploads\/2020\/02\/ios-14-3-watermark-696x928-1.png 696w, https:\/\/www.macitynet.it\/wp-content\/uploads\/2020\/02\/ios-14-3-watermark-696x928-1-360x480.png 360w, https:\/\/www.macitynet.it\/wp-content\/uploads\/2020\/02\/ios-14-3-watermark-696x928-1-315x420.png 315w\" alt=\"Ecco il multitasking iOS 14 in video\" width=\"696\" height=\"928\" data-lazy-srcset=\"https:\/\/www.macitynet.it\/wp-content\/uploads\/2020\/02\/ios-14-3-watermark-696x928-1.png 696w, https:\/\/www.macitynet.it\/wp-content\/uploads\/2020\/02\/ios-14-3-watermark-696x928-1-360x480.png 360w, https:\/\/www.macitynet.it\/wp-content\/uploads\/2020\/02\/ios-14-3-watermark-696x928-1-315x420.png 315w\" data-lazy-sizes=\"(max-width: 696px) 100vw, 696px\" data-lazy-src=\"https:\/\/www.macitynet.it\/wp-content\/uploads\/2020\/02\/ios-14-3-watermark-696x928-1.png\" data-was-processed=\"true\" \/><\/p><p>Nel video diffuso \u00e8 possibile vedere una build interna di iOS 14 in esecuzione su un iPhone 11 Pro Max. Le app appaiono abbastanza rapidamente all\u2019interno multitasking e sembrano anche veloci da chiudersi. Ovviamente, si tratta di una build ancora non rilasciata e, dunque, \u00e8 possibile che non rappresenti il risultato finale.<\/p><p><img decoding=\"async\" class=\"aligncenter size-full wp-image-919892 lazyloaded\" title=\"Ecco il multitasking iOS 14 in video\" src=\"https:\/\/www.macitynet.it\/wp-content\/uploads\/2020\/02\/ios-14-1-watermarked-696x928-1.png\" sizes=\"(max-width: 696px) 100vw, 696px\" srcset=\"https:\/\/www.macitynet.it\/wp-content\/uploads\/2020\/02\/ios-14-1-watermarked-696x928-1.png 696w, https:\/\/www.macitynet.it\/wp-content\/uploads\/2020\/02\/ios-14-1-watermarked-696x928-1-360x480.png 360w, https:\/\/www.macitynet.it\/wp-content\/uploads\/2020\/02\/ios-14-1-watermarked-696x928-1-315x420.png 315w\" alt=\"Ecco il multitasking iOS 14 in video\" width=\"696\" height=\"928\" data-lazy-srcset=\"https:\/\/www.macitynet.it\/wp-content\/uploads\/2020\/02\/ios-14-1-watermarked-696x928-1.png 696w, https:\/\/www.macitynet.it\/wp-content\/uploads\/2020\/02\/ios-14-1-watermarked-696x928-1-360x480.png 360w, https:\/\/www.macitynet.it\/wp-content\/uploads\/2020\/02\/ios-14-1-watermarked-696x928-1-315x420.png 315w\" data-lazy-sizes=\"(max-width: 696px) 100vw, 696px\" data-lazy-src=\"https:\/\/www.macitynet.it\/wp-content\/uploads\/2020\/02\/ios-14-1-watermarked-696x928-1.png\" data-was-processed=\"true\" \/><\/p><p>Il filmato, per quanto breve, mostra comunque qualche curiosit\u00e0 e indizi sulle funzionalit\u00e0 incluse. Se rallentate il video,\u00a0 \u00a0quando si chiude un\u2019app, vi sar\u00e0 la possibilit\u00e0 di effettuare uno slide verso il basso per bloccarla nel men\u00f9 multitastking.\u00a0<\/p><p>Al momento non \u00e8 chiaro quale possa essere lo scopo principale di questo blocco. Tuttavia \u00e8 facile ipotizzare che serva ad evitare che una determinata app venga chiusa accidentalmente.<\/p><p>Il layout di questo multitasking \u00e8 abbastanza simile a quello di iPad apprezzato\u00a0 in precedenza. Di conseguenza. gli utenti gi\u00e0 in possesso di un iPad continueranno ad avere familiarit\u00e0 con questa schermata. Ovviamente, come gi\u00e0 anticipato, non \u00e8 detto che questo stile di visualizzazione approdi nella versione finale di iOS 14.<\/p><p>\u00a0<\/p>\t\t\t\t\t\t\t\t<\/div>\n\t\t\t\t<div class=\"elementor-element elementor-element-d48ff27 elementor-widget elementor-widget-heading\" data-id=\"d48ff27\" data-element_type=\"widget\" data-e-type=\"widget\" data-widget_type=\"heading.default\">\n\t\t\t\t\t<h2 class=\"elementor-heading-title elementor-size-default\">iOS 14 e l'attesa modifica della app di sistema<\/h2>\t\t\t\t<\/div>\n\t\t\t\t<div class=\"elementor-element elementor-element-8e3fa87 elementor-widget elementor-widget-text-editor\" data-id=\"8e3fa87\" data-element_type=\"widget\" data-e-type=\"widget\" data-widget_type=\"text-editor.default\">\n\t\t\t\t\t\t\t\t\t<p><span style=\"color: var( --e-global-color-text ); font-family: var( --e-global-typography-text-font-family ), Sans-serif; font-style: var( --e-global-typography-text-font-style ); font-weight: var( --e-global-typography-text-font-weight ); letter-spacing: var( --e-global-typography-text-letter-spacing ); text-transform: var( --e-global-typography-text-text-transform );\">Al momento non si sa molto su iOS 14, anche se un recente rapporto afferma che Apple consentir\u00e0 finalmente agli utenti di modificare le app di sistema predefinite. Questo dovrebbe avvenire gi\u00e0 con il prossimo aggiornamento software per iPhone.\u00a0<\/span><\/p><p><span style=\"color: var( --e-global-color-text ); font-family: var( --e-global-typography-text-font-family ), Sans-serif; font-style: var( --e-global-typography-text-font-style ); font-weight: var( --e-global-typography-text-font-weight ); letter-spacing: var( --e-global-typography-text-letter-spacing ); text-transform: var( --e-global-typography-text-text-transform );\">Ci\u00f2 significa che l\u2019utente sar\u00e0 in grado, ad esempio, di utilizzare Gmail e Chrome, rispettivamente, come app di posta elettronica e browser predefinite. Prima di questo l&#8217;utente doveva necessariamente utilizzare le app di Apple come, ad esempio, Mail e Safari.\u00a0<\/span><\/p><p><span style=\"color: var( --e-global-color-text ); font-family: var( --e-global-typography-text-font-family ), Sans-serif; font-style: var( --e-global-typography-text-font-style ); font-weight: var( --e-global-typography-text-font-weight ); letter-spacing: var( --e-global-typography-text-letter-spacing ); text-transform: var( --e-global-typography-text-text-transform );\">E\u2019 possibile anche aspettarsi piccoli cambiamenti nel modo in cui i contenuti vengono visualizzati sullo schermo. Queste possibile modifiche si prevendono in modo da preparare il sistema operativo ad una visualizzazione a schermo intero senza notch, che potrebbe sparire, o ridursi sui prossimi iPhone 12.<\/span><\/p><p>Quanto alla compatibilit\u00e0, secondo precedenti informazioni risalenti al mese scorso, si ritiene che Apple che iOS 14 sar\u00e0\u00a0<a href=\"https:\/\/www.macitynet.it\/ios-14-compatibile-con-gli-stessi-dispositivi-ci-cui-ora-gira-ios-13\/\">compatibile con tutti i modelli sui quali attualmente gira correttamente iOS 13<\/a>. Sar\u00e0 compatibile\u00a0dunque, su tutti i modelli di iPhone 6s e 6s Plus, fino ad iPhone 11, 11 Pro e 11 Pro Max, cos\u00ec come anche il\u00a0<a href=\"https:\/\/www.macitynet.it\/iphone-9-tutto-quello-che-vi-serve-sapere\/\">presunto iPhone 9<\/a>\u00a0in arrivo a breve.<\/p><p>La data di rilascio di iOS 14 \u00e8 ancora incerta, ma l\u2019aggiornamento dovrebbe essere rilasciato nel mese di settembre 2020. Naturalmente, le\u00a0<a href=\"https:\/\/www.macitynet.it\/iphone-12-da-67-sara-piu-sottile-e-avra-fotocamere-piu-grandi\/\">serie di iPhone 12<\/a>\u00a0arriver\u00e0 sul mercato con iOS 14 gi\u00e0 a bordo.<\/p><p>\u00a0<\/p>\t\t\t\t\t\t\t\t<\/div>\n\t\t\t\t\t<\/div>\n\t\t<\/div>\n\t\t\t\t\t<\/div>\n\t\t<\/section>\n\t\t\t\t<\/div>\n\t\t","protected":false},"excerpt":{"rendered":"<p>Un nuovo video apparso in rete mostra una build di iOS 14 in esecuzione su iPhone 11 Pro Max. In particolare viene mostrato il nuovo multitasking previsto per lo smartphone della Mela,\u00a0 simile a quella vista in precedenza su iPad. Ecco il filmato. Si prevede che Apple introdurr\u00e0 diversi cambiamenti significativi nella gamma di iPhone [&hellip;]<\/p>\n","protected":false},"author":1,"featured_media":6983,"comment_status":"closed","ping_status":"closed","sticky":false,"template":"","format":"standard","meta":{"footnotes":""},"categories":[67],"tags":[62],"class_list":["post-6982","post","type-post","status-publish","format-standard","has-post-thumbnail","hentry","category-informatica","tag-osatech"],"yoast_head":"<!-- This site is optimized with the Yoast SEO plugin v27.0 - https:\/\/yoast.com\/product\/yoast-seo-wordpress\/ -->\n<title>IOS 14: ECCO IL MULTITASKING - Osatech<\/title>\n<meta name=\"description\" content=\"Apple ecco il nuovo multitasking previsto per lo smartphone della Mela,\u00a0 simile a quella vista in precedenza su iPad. Ecco il filmato.\" \/>\n<meta name=\"robots\" content=\"index, follow, max-snippet:-1, max-image-preview:large, max-video-preview:-1\" \/>\n<link rel=\"canonical\" href=\"https:\/\/osatech.ch\/it\/ios14-ecco-il-multitasking\/\" \/>\n<meta property=\"og:locale\" content=\"it_IT\" \/>\n<meta property=\"og:type\" content=\"article\" \/>\n<meta property=\"og:title\" content=\"AVAST VENDE I DATI DEGLI UTENTI - OSA TECH GROUP SA\" \/>\n<meta property=\"og:description\" content=\"Gravissima situazione creatasi sull&#039;antivirus avast, dove dopo un&#039;indagine \u00e9 stato appurato che vende i dati dei propri utenti ad un&#039;azienda terza del gruppo.\" \/>\n<meta property=\"og:url\" content=\"https:\/\/osatech.ch\/it\/ios14-ecco-il-multitasking\/\" \/>\n<meta property=\"og:site_name\" content=\"Osatech\" \/>\n<meta property=\"article:publisher\" content=\"https:\/\/www.facebook.com\/Osatechgroup\/\" \/>\n<meta property=\"article:published_time\" content=\"2020-02-25T10:25:12+00:00\" \/>\n<meta property=\"article:modified_time\" content=\"2024-05-21T12:54:48+00:00\" \/>\n<meta property=\"og:image\" content=\"https:\/\/osatech.ch\/wp-content\/uploads\/whatsapp_pay.jpg\" \/>\n\t<meta property=\"og:image:width\" content=\"1200\" \/>\n\t<meta property=\"og:image:height\" content=\"600\" \/>\n\t<meta property=\"og:image:type\" content=\"image\/jpeg\" \/>\n<meta name=\"author\" content=\"OsaTech\" \/>\n<meta name=\"twitter:card\" content=\"summary_large_image\" \/>\n<meta name=\"twitter:image\" content=\"https:\/\/osatech.ch\/wp-content\/uploads\/whatsapp_pay.jpg\" \/>\n<meta name=\"twitter:label1\" content=\"Scritto da\" \/>\n\t<meta name=\"twitter:data1\" content=\"OsaTech\" \/>\n\t<meta name=\"twitter:label2\" content=\"Tempo di lettura stimato\" \/>\n\t<meta name=\"twitter:data2\" content=\"2 minuti\" \/>\n<script type=\"application\/ld+json\" class=\"yoast-schema-graph\">{\"@context\":\"https:\/\/schema.org\",\"@graph\":[{\"@type\":\"Article\",\"@id\":\"https:\/\/osatech.ch\/it\/ios14-ecco-il-multitasking\/#article\",\"isPartOf\":{\"@id\":\"https:\/\/osatech.ch\/it\/ios14-ecco-il-multitasking\/\"},\"author\":{\"name\":\"OsaTech\",\"@id\":\"https:\/\/osatech.ch\/en\/#\/schema\/person\/1cb4946dfe57bf2ff58dd38f639e2d97\"},\"headline\":\"IOS 14: ECCO IL MULTITASKING\",\"datePublished\":\"2020-02-25T10:25:12+00:00\",\"dateModified\":\"2024-05-21T12:54:48+00:00\",\"mainEntityOfPage\":{\"@id\":\"https:\/\/osatech.ch\/it\/ios14-ecco-il-multitasking\/\"},\"wordCount\":487,\"publisher\":{\"@id\":\"https:\/\/osatech.ch\/en\/#organization\"},\"image\":{\"@id\":\"https:\/\/osatech.ch\/it\/ios14-ecco-il-multitasking\/#primaryimage\"},\"thumbnailUrl\":\"https:\/\/osatech.ch\/wp-content\/uploads\/IOS-14_Multitasking.jpg\",\"keywords\":[\"OSATECH\"],\"articleSection\":[\"Informatica\"],\"inLanguage\":\"it-IT\"},{\"@type\":\"WebPage\",\"@id\":\"https:\/\/osatech.ch\/it\/ios14-ecco-il-multitasking\/\",\"url\":\"https:\/\/osatech.ch\/it\/ios14-ecco-il-multitasking\/\",\"name\":\"IOS 14: ECCO IL MULTITASKING - Osatech\",\"isPartOf\":{\"@id\":\"https:\/\/osatech.ch\/en\/#website\"},\"primaryImageOfPage\":{\"@id\":\"https:\/\/osatech.ch\/it\/ios14-ecco-il-multitasking\/#primaryimage\"},\"image\":{\"@id\":\"https:\/\/osatech.ch\/it\/ios14-ecco-il-multitasking\/#primaryimage\"},\"thumbnailUrl\":\"https:\/\/osatech.ch\/wp-content\/uploads\/IOS-14_Multitasking.jpg\",\"datePublished\":\"2020-02-25T10:25:12+00:00\",\"dateModified\":\"2024-05-21T12:54:48+00:00\",\"description\":\"Apple ecco il nuovo multitasking previsto per lo smartphone della Mela,\u00a0 simile a quella vista in precedenza su iPad. Ecco il filmato.\",\"breadcrumb\":{\"@id\":\"https:\/\/osatech.ch\/it\/ios14-ecco-il-multitasking\/#breadcrumb\"},\"inLanguage\":\"it-IT\",\"potentialAction\":[{\"@type\":\"ReadAction\",\"target\":[\"https:\/\/osatech.ch\/it\/ios14-ecco-il-multitasking\/\"]}]},{\"@type\":\"ImageObject\",\"inLanguage\":\"it-IT\",\"@id\":\"https:\/\/osatech.ch\/it\/ios14-ecco-il-multitasking\/#primaryimage\",\"url\":\"https:\/\/osatech.ch\/wp-content\/uploads\/IOS-14_Multitasking.jpg\",\"contentUrl\":\"https:\/\/osatech.ch\/wp-content\/uploads\/IOS-14_Multitasking.jpg\",\"width\":777,\"height\":437,\"caption\":\"ios 14 multitasking news osatech apple\"},{\"@type\":\"BreadcrumbList\",\"@id\":\"https:\/\/osatech.ch\/it\/ios14-ecco-il-multitasking\/#breadcrumb\",\"itemListElement\":[{\"@type\":\"ListItem\",\"position\":1,\"name\":\"Home\",\"item\":\"https:\/\/osatech.ch\/it\/\"},{\"@type\":\"ListItem\",\"position\":2,\"name\":\"IOS 14: ECCO IL MULTITASKING\"}]},{\"@type\":\"WebSite\",\"@id\":\"https:\/\/osatech.ch\/en\/#website\",\"url\":\"https:\/\/osatech.ch\/en\/\",\"name\":\"Osatech\",\"description\":\"Assistenza e Consulenza Informatica Ticino\",\"publisher\":{\"@id\":\"https:\/\/osatech.ch\/en\/#organization\"},\"potentialAction\":[{\"@type\":\"SearchAction\",\"target\":{\"@type\":\"EntryPoint\",\"urlTemplate\":\"https:\/\/osatech.ch\/en\/?s={search_term_string}\"},\"query-input\":{\"@type\":\"PropertyValueSpecification\",\"valueRequired\":true,\"valueName\":\"search_term_string\"}}],\"inLanguage\":\"it-IT\"},{\"@type\":\"Organization\",\"@id\":\"https:\/\/osatech.ch\/en\/#organization\",\"name\":\"Osatech Group SA\",\"url\":\"https:\/\/osatech.ch\/en\/\",\"logo\":{\"@type\":\"ImageObject\",\"inLanguage\":\"it-IT\",\"@id\":\"https:\/\/osatech.ch\/en\/#\/schema\/logo\/image\/\",\"url\":\"https:\/\/osatech.ch\/wp-content\/uploads\/logo-osa.webp\",\"contentUrl\":\"https:\/\/osatech.ch\/wp-content\/uploads\/logo-osa.webp\",\"width\":250,\"height\":43,\"caption\":\"Osatech Group SA\"},\"image\":{\"@id\":\"https:\/\/osatech.ch\/en\/#\/schema\/logo\/image\/\"},\"sameAs\":[\"https:\/\/www.facebook.com\/Osatechgroup\/\"]},{\"@type\":\"Person\",\"@id\":\"https:\/\/osatech.ch\/en\/#\/schema\/person\/1cb4946dfe57bf2ff58dd38f639e2d97\",\"name\":\"OsaTech\",\"image\":{\"@type\":\"ImageObject\",\"inLanguage\":\"it-IT\",\"@id\":\"https:\/\/osatech.ch\/en\/#\/schema\/person\/image\/\",\"url\":\"https:\/\/secure.gravatar.com\/avatar\/056551b3f200835c0ee678d297d0f14d914946ec67882d691bcd0edee019eee1?s=96&d=mm&r=g\",\"contentUrl\":\"https:\/\/secure.gravatar.com\/avatar\/056551b3f200835c0ee678d297d0f14d914946ec67882d691bcd0edee019eee1?s=96&d=mm&r=g\",\"caption\":\"OsaTech\"},\"description\":\"Fondata nel 1997 come azienda di consulenza informatica, negli anni Osatech ha acquisito alcune strategiche aziende e le ha integrate nel gruppo. Ad oggi, Osatech Group SA, \u00e8 una societ\u00e0 multi-servizi competente nei seguenti campi: automazione, comunicazione e pubblicit\u00e0, impianti, sicurezza e videosorveglianza, life-care.\",\"sameAs\":[\"https:\/\/osatech.ch\"]}]}<\/script>\n<!-- \/ Yoast SEO plugin. -->","yoast_head_json":{"title":"IOS 14: ECCO IL MULTITASKING - Osatech","description":"Apple ecco il nuovo multitasking previsto per lo smartphone della Mela,\u00a0 simile a quella vista in precedenza su iPad. Ecco il filmato.","robots":{"index":"index","follow":"follow","max-snippet":"max-snippet:-1","max-image-preview":"max-image-preview:large","max-video-preview":"max-video-preview:-1"},"canonical":"https:\/\/osatech.ch\/it\/ios14-ecco-il-multitasking\/","og_locale":"it_IT","og_type":"article","og_title":"AVAST VENDE I DATI DEGLI UTENTI - OSA TECH GROUP SA","og_description":"Gravissima situazione creatasi sull'antivirus avast, dove dopo un'indagine \u00e9 stato appurato che vende i dati dei propri utenti ad un'azienda terza del gruppo.","og_url":"https:\/\/osatech.ch\/it\/ios14-ecco-il-multitasking\/","og_site_name":"Osatech","article_publisher":"https:\/\/www.facebook.com\/Osatechgroup\/","article_published_time":"2020-02-25T10:25:12+00:00","article_modified_time":"2024-05-21T12:54:48+00:00","og_image":[{"width":1200,"height":600,"url":"https:\/\/osatech.ch\/wp-content\/uploads\/whatsapp_pay.jpg","type":"image\/jpeg"}],"author":"OsaTech","twitter_card":"summary_large_image","twitter_image":"https:\/\/osatech.ch\/wp-content\/uploads\/whatsapp_pay.jpg","twitter_misc":{"Scritto da":"OsaTech","Tempo di lettura stimato":"2 minuti"},"schema":{"@context":"https:\/\/schema.org","@graph":[{"@type":"Article","@id":"https:\/\/osatech.ch\/it\/ios14-ecco-il-multitasking\/#article","isPartOf":{"@id":"https:\/\/osatech.ch\/it\/ios14-ecco-il-multitasking\/"},"author":{"name":"OsaTech","@id":"https:\/\/osatech.ch\/en\/#\/schema\/person\/1cb4946dfe57bf2ff58dd38f639e2d97"},"headline":"IOS 14: ECCO IL MULTITASKING","datePublished":"2020-02-25T10:25:12+00:00","dateModified":"2024-05-21T12:54:48+00:00","mainEntityOfPage":{"@id":"https:\/\/osatech.ch\/it\/ios14-ecco-il-multitasking\/"},"wordCount":487,"publisher":{"@id":"https:\/\/osatech.ch\/en\/#organization"},"image":{"@id":"https:\/\/osatech.ch\/it\/ios14-ecco-il-multitasking\/#primaryimage"},"thumbnailUrl":"https:\/\/osatech.ch\/wp-content\/uploads\/IOS-14_Multitasking.jpg","keywords":["OSATECH"],"articleSection":["Informatica"],"inLanguage":"it-IT"},{"@type":"WebPage","@id":"https:\/\/osatech.ch\/it\/ios14-ecco-il-multitasking\/","url":"https:\/\/osatech.ch\/it\/ios14-ecco-il-multitasking\/","name":"IOS 14: ECCO IL MULTITASKING - Osatech","isPartOf":{"@id":"https:\/\/osatech.ch\/en\/#website"},"primaryImageOfPage":{"@id":"https:\/\/osatech.ch\/it\/ios14-ecco-il-multitasking\/#primaryimage"},"image":{"@id":"https:\/\/osatech.ch\/it\/ios14-ecco-il-multitasking\/#primaryimage"},"thumbnailUrl":"https:\/\/osatech.ch\/wp-content\/uploads\/IOS-14_Multitasking.jpg","datePublished":"2020-02-25T10:25:12+00:00","dateModified":"2024-05-21T12:54:48+00:00","description":"Apple ecco il nuovo multitasking previsto per lo smartphone della Mela,\u00a0 simile a quella vista in precedenza su iPad. Ecco il filmato.","breadcrumb":{"@id":"https:\/\/osatech.ch\/it\/ios14-ecco-il-multitasking\/#breadcrumb"},"inLanguage":"it-IT","potentialAction":[{"@type":"ReadAction","target":["https:\/\/osatech.ch\/it\/ios14-ecco-il-multitasking\/"]}]},{"@type":"ImageObject","inLanguage":"it-IT","@id":"https:\/\/osatech.ch\/it\/ios14-ecco-il-multitasking\/#primaryimage","url":"https:\/\/osatech.ch\/wp-content\/uploads\/IOS-14_Multitasking.jpg","contentUrl":"https:\/\/osatech.ch\/wp-content\/uploads\/IOS-14_Multitasking.jpg","width":777,"height":437,"caption":"ios 14 multitasking news osatech apple"},{"@type":"BreadcrumbList","@id":"https:\/\/osatech.ch\/it\/ios14-ecco-il-multitasking\/#breadcrumb","itemListElement":[{"@type":"ListItem","position":1,"name":"Home","item":"https:\/\/osatech.ch\/it\/"},{"@type":"ListItem","position":2,"name":"IOS 14: ECCO IL MULTITASKING"}]},{"@type":"WebSite","@id":"https:\/\/osatech.ch\/en\/#website","url":"https:\/\/osatech.ch\/en\/","name":"Osatech","description":"Assistenza e Consulenza Informatica Ticino","publisher":{"@id":"https:\/\/osatech.ch\/en\/#organization"},"potentialAction":[{"@type":"SearchAction","target":{"@type":"EntryPoint","urlTemplate":"https:\/\/osatech.ch\/en\/?s={search_term_string}"},"query-input":{"@type":"PropertyValueSpecification","valueRequired":true,"valueName":"search_term_string"}}],"inLanguage":"it-IT"},{"@type":"Organization","@id":"https:\/\/osatech.ch\/en\/#organization","name":"Osatech Group SA","url":"https:\/\/osatech.ch\/en\/","logo":{"@type":"ImageObject","inLanguage":"it-IT","@id":"https:\/\/osatech.ch\/en\/#\/schema\/logo\/image\/","url":"https:\/\/osatech.ch\/wp-content\/uploads\/logo-osa.webp","contentUrl":"https:\/\/osatech.ch\/wp-content\/uploads\/logo-osa.webp","width":250,"height":43,"caption":"Osatech Group SA"},"image":{"@id":"https:\/\/osatech.ch\/en\/#\/schema\/logo\/image\/"},"sameAs":["https:\/\/www.facebook.com\/Osatechgroup\/"]},{"@type":"Person","@id":"https:\/\/osatech.ch\/en\/#\/schema\/person\/1cb4946dfe57bf2ff58dd38f639e2d97","name":"OsaTech","image":{"@type":"ImageObject","inLanguage":"it-IT","@id":"https:\/\/osatech.ch\/en\/#\/schema\/person\/image\/","url":"https:\/\/secure.gravatar.com\/avatar\/056551b3f200835c0ee678d297d0f14d914946ec67882d691bcd0edee019eee1?s=96&d=mm&r=g","contentUrl":"https:\/\/secure.gravatar.com\/avatar\/056551b3f200835c0ee678d297d0f14d914946ec67882d691bcd0edee019eee1?s=96&d=mm&r=g","caption":"OsaTech"},"description":"Fondata nel 1997 come azienda di consulenza informatica, negli anni Osatech ha acquisito alcune strategiche aziende e le ha integrate nel gruppo. Ad oggi, Osatech Group SA, \u00e8 una societ\u00e0 multi-servizi competente nei seguenti campi: automazione, comunicazione e pubblicit\u00e0, impianti, sicurezza e videosorveglianza, life-care.","sameAs":["https:\/\/osatech.ch"]}]}},"_links":{"self":[{"href":"https:\/\/osatech.ch\/it\/wp-json\/wp\/v2\/posts\/6982","targetHints":{"allow":["GET"]}}],"collection":[{"href":"https:\/\/osatech.ch\/it\/wp-json\/wp\/v2\/posts"}],"about":[{"href":"https:\/\/osatech.ch\/it\/wp-json\/wp\/v2\/types\/post"}],"author":[{"embeddable":true,"href":"https:\/\/osatech.ch\/it\/wp-json\/wp\/v2\/users\/1"}],"replies":[{"embeddable":true,"href":"https:\/\/osatech.ch\/it\/wp-json\/wp\/v2\/comments?post=6982"}],"version-history":[{"count":13,"href":"https:\/\/osatech.ch\/it\/wp-json\/wp\/v2\/posts\/6982\/revisions"}],"predecessor-version":[{"id":40555,"href":"https:\/\/osatech.ch\/it\/wp-json\/wp\/v2\/posts\/6982\/revisions\/40555"}],"wp:featuredmedia":[{"embeddable":true,"href":"https:\/\/osatech.ch\/it\/wp-json\/wp\/v2\/media\/6983"}],"wp:attachment":[{"href":"https:\/\/osatech.ch\/it\/wp-json\/wp\/v2\/media?parent=6982"}],"wp:term":[{"taxonomy":"category","embeddable":true,"href":"https:\/\/osatech.ch\/it\/wp-json\/wp\/v2\/categories?post=6982"},{"taxonomy":"post_tag","embeddable":true,"href":"https:\/\/osatech.ch\/it\/wp-json\/wp\/v2\/tags?post=6982"}],"curies":[{"name":"wp","href":"https:\/\/api.w.org\/{rel}","templated":true}]}}