{"id":5638,"date":"2020-01-13T15:04:10","date_gmt":"2020-01-13T14:04:10","guid":{"rendered":"https:\/\/osatech.ch\/?p=5638"},"modified":"2024-03-27T16:34:05","modified_gmt":"2024-03-27T15:34:05","slug":"facebook-ecco-la-darkmode","status":"publish","type":"post","link":"https:\/\/osatech.ch\/it\/facebook-ecco-la-darkmode\/","title":{"rendered":"FACEBOOK ECCO LA DARKMODE"},"content":{"rendered":"\t\t<div data-elementor-type=\"wp-post\" data-elementor-id=\"5638\" class=\"elementor elementor-5638\" data-elementor-post-type=\"post\">\n\t\t\t\t\t\t<section class=\"elementor-section elementor-top-section elementor-element elementor-element-81e6d63 elementor-section-boxed elementor-section-height-default elementor-section-height-default\" data-id=\"81e6d63\" data-element_type=\"section\" data-e-type=\"section\">\n\t\t\t\t\t\t<div class=\"elementor-container elementor-column-gap-default\">\n\t\t\t\t\t<div class=\"elementor-column elementor-col-100 elementor-top-column elementor-element elementor-element-e7e98e9\" data-id=\"e7e98e9\" data-element_type=\"column\" data-e-type=\"column\">\n\t\t\t<div class=\"elementor-widget-wrap elementor-element-populated\">\n\t\t\t\t\t\t<div class=\"elementor-element elementor-element-f0acbf2 elementor-widget elementor-widget-heading\" data-id=\"f0acbf2\" data-element_type=\"widget\" data-e-type=\"widget\" data-widget_type=\"heading.default\">\n\t\t\t\t\t<h2 class=\"elementor-heading-title elementor-size-default\">Cambiamenti in Arrivo per Facebook Desktop<\/h2>\t\t\t\t<\/div>\n\t\t\t\t<div class=\"elementor-element elementor-element-bb1bcb5 elementor-widget elementor-widget-text-editor\" data-id=\"bb1bcb5\" data-element_type=\"widget\" data-e-type=\"widget\" data-widget_type=\"text-editor.default\">\n\t\t\t\t\t\t\t\t\t<p>Facebook ha annunciato un imminente cambio di look per la sua versione desktop entro la primavera. Questo aggiornamento porter\u00e0 significativi miglioramenti e nuove funzionalit\u00e0 per gli utenti.<\/p>\t\t\t\t\t\t\t\t<\/div>\n\t\t\t\t<div class=\"elementor-element elementor-element-053c40e elementor-widget elementor-widget-heading\" data-id=\"053c40e\" data-element_type=\"widget\" data-e-type=\"widget\" data-widget_type=\"heading.default\">\n\t\t\t\t\t<h2 class=\"elementor-heading-title elementor-size-default\"> Novit\u00e0 in Arrivo per Facebook Desktop<\/h2>\t\t\t\t<\/div>\n\t\t\t\t<div class=\"elementor-element elementor-element-291e0da elementor-widget elementor-widget-text-editor\" data-id=\"291e0da\" data-element_type=\"widget\" data-e-type=\"widget\" data-widget_type=\"text-editor.default\">\n\t\t\t\t\t\t\t\t\t<p>Tra le novit\u00e0 pi\u00f9 attese vi \u00e8 l&#8217;introduzione del &#8220;dark mode&#8221;, una modalit\u00e0 visiva che riduce l&#8217;affaticamento visivo e ottimizza il consumo energetico del dispositivo, migliorando cos\u00ec l&#8217;esperienza di utilizzo.<\/p>\t\t\t\t\t\t\t\t<\/div>\n\t\t\t\t<div class=\"elementor-element elementor-element-eb18abf elementor-widget elementor-widget-heading\" data-id=\"eb18abf\" data-element_type=\"widget\" data-e-type=\"widget\" data-widget_type=\"heading.default\">\n\t\t\t\t\t<h2 class=\"elementor-heading-title elementor-size-default\">Conferma da Cnet<\/h2>\t\t\t\t<\/div>\n\t\t\t\t<div class=\"elementor-element elementor-element-d15ddc5 elementor-widget elementor-widget-text-editor\" data-id=\"d15ddc5\" data-element_type=\"widget\" data-e-type=\"widget\" data-widget_type=\"text-editor.default\">\n\t\t\t\t\t\t\t\t\t<p>La piattaforma ha ufficialmente confermato queste innovazioni a <a href=\"https:\/\/www.cnet.com\">Cnet<\/a>, dopo averle anticipate durante la conferenza degli sviluppatori di Facebook lo scorso aprile.<\/p>\t\t\t\t\t\t\t\t<\/div>\n\t\t\t\t<div class=\"elementor-element elementor-element-1374556 elementor-widget elementor-widget-heading\" data-id=\"1374556\" data-element_type=\"widget\" data-e-type=\"widget\" data-widget_type=\"heading.default\">\n\t\t\t\t\t<h2 class=\"elementor-heading-title elementor-size-default\">Ispirazione dall'App Mobile<\/h2>\t\t\t\t<\/div>\n\t\t\t\t<div class=\"elementor-element elementor-element-64eca99 elementor-widget elementor-widget-text-editor\" data-id=\"64eca99\" data-element_type=\"widget\" data-e-type=\"widget\" data-widget_type=\"text-editor.default\">\n\t\t\t\t\t\t\t\t\t<p>Il nuovo look della versione desktop sar\u00e0 ispirato al design dell&#8217;app mobile di Facebook, promettendo un&#8217;interfaccia pi\u00f9 pulita, organizzata e moderna, in linea con le esigenze degli utenti.<\/p>\t\t\t\t\t\t\t\t<\/div>\n\t\t\t\t<div class=\"elementor-element elementor-element-6aedae6 elementor-widget elementor-widget-heading\" data-id=\"6aedae6\" data-element_type=\"widget\" data-e-type=\"widget\" data-widget_type=\"heading.default\">\n\t\t\t\t\t<h2 class=\"elementor-heading-title elementor-size-default\">Miglioramenti Estetici e Funzionali<\/h2>\t\t\t\t<\/div>\n\t\t\t\t<div class=\"elementor-element elementor-element-59b6c3b elementor-widget elementor-widget-text-editor\" data-id=\"59b6c3b\" data-element_type=\"widget\" data-e-type=\"widget\" data-widget_type=\"text-editor.default\">\n\t\t\t\t\t\t\t\t\t<p>Oltre al dark mode, verranno introdotti miglioramenti estetici e funzionali, finalizzati a rendere l&#8217;esperienza utente pi\u00f9 fluida, intuitiva e piacevole.<\/p>\t\t\t\t\t\t\t\t<\/div>\n\t\t\t\t<div class=\"elementor-element elementor-element-001a979 elementor-widget elementor-widget-heading\" data-id=\"001a979\" data-element_type=\"widget\" data-e-type=\"widget\" data-widget_type=\"heading.default\">\n\t\t\t\t\t<h2 class=\"elementor-heading-title elementor-size-default\">Distribuzione Graduale<\/h2>\t\t\t\t<\/div>\n\t\t\t\t<div class=\"elementor-element elementor-element-2e6ffa2 elementor-widget elementor-widget-text-editor\" data-id=\"2e6ffa2\" data-element_type=\"widget\" data-e-type=\"widget\" data-widget_type=\"text-editor.default\">\n\t\t\t\t\t\t\t\t\t<p>La distribuzione della nuova interfaccia desktop \u00e8 gi\u00e0 iniziata, seppur in forma limitata a un gruppo selezionato di utenti. Questo approccio permetter\u00e0 di raccogliere feedback e valutare eventuali problemi prima del lancio ufficiale.<\/p>\t\t\t\t\t\t\t\t<\/div>\n\t\t\t\t<div class=\"elementor-element elementor-element-04978a3 elementor-widget elementor-widget-heading\" data-id=\"04978a3\" data-element_type=\"widget\" data-e-type=\"widget\" data-widget_type=\"heading.default\">\n\t\t\t\t\t<h2 class=\"elementor-heading-title elementor-size-default\"> Impegno per un'Esperienza Migliore<\/h2>\t\t\t\t<\/div>\n\t\t\t\t<div class=\"elementor-element elementor-element-bbdc3a6 elementor-widget elementor-widget-text-editor\" data-id=\"bbdc3a6\" data-element_type=\"widget\" data-e-type=\"widget\" data-widget_type=\"text-editor.default\">\n\t\t\t\t\t\t\t\t\t<p>In conclusione, il nuovo look di Facebook per la versione desktop promette di offrire una combinazione di estetica rinnovata e funzionalit\u00e0 aggiornate. La piattaforma si impegna a fornire un&#8217;esperienza digitale sempre migliore per la sua vasta comunit\u00e0 di utenti.<\/p><p>Hai bisogno di assistenza informatica? <a href=\"https:\/\/osatech.ch\/servizi\/assistenza-informatica\/\">Clicca qui<\/a><\/p>\t\t\t\t\t\t\t\t<\/div>\n\t\t\t\t\t<\/div>\n\t\t<\/div>\n\t\t\t\t\t<\/div>\n\t\t<\/section>\n\t\t\t\t<\/div>\n\t\t","protected":false},"excerpt":{"rendered":"<p>Cambiamenti in Arrivo per Facebook Desktop Facebook ha annunciato un imminente cambio di look per la sua versione desktop entro la primavera. Questo aggiornamento porter\u00e0 significativi miglioramenti e nuove funzionalit\u00e0 per gli utenti. Novit\u00e0 in Arrivo per Facebook Desktop Tra le novit\u00e0 pi\u00f9 attese vi \u00e8 l&#8217;introduzione del &#8220;dark mode&#8221;, una modalit\u00e0 visiva che riduce [&hellip;]<\/p>\n","protected":false},"author":1,"featured_media":5639,"comment_status":"closed","ping_status":"closed","sticky":false,"template":"","format":"standard","meta":{"footnotes":""},"categories":[67],"tags":[],"class_list":["post-5638","post","type-post","status-publish","format-standard","has-post-thumbnail","hentry","category-informatica"],"yoast_head":"<!-- This site is optimized with the Yoast SEO plugin v27.0 - https:\/\/yoast.com\/product\/yoast-seo-wordpress\/ -->\n<title>Facebook: Ecco la DarkMode. Come attivare la modalit\u00e0 scura - Osatech<\/title>\n<meta name=\"description\" content=\"Facebook: Ecco la DarkMode. Scopri come attivare la modalit\u00e0 scura su Facebook su Osatech per un&#039;esperienza visiva diversa.\" \/>\n<meta name=\"robots\" content=\"index, follow, max-snippet:-1, max-image-preview:large, max-video-preview:-1\" \/>\n<link rel=\"canonical\" href=\"https:\/\/osatech.ch\/it\/facebook-ecco-la-darkmode\/\" \/>\n<meta property=\"og:locale\" content=\"it_IT\" \/>\n<meta property=\"og:type\" content=\"article\" \/>\n<meta property=\"og:title\" content=\"Facebook: Ecco la DarkMode. Come attivare la modalit\u00e0 scura - Osatech\" \/>\n<meta property=\"og:description\" content=\"Facebook: Ecco la DarkMode. Scopri come attivare la modalit\u00e0 scura su Facebook su Osatech per un&#039;esperienza visiva diversa.\" \/>\n<meta property=\"og:url\" content=\"https:\/\/osatech.ch\/it\/facebook-ecco-la-darkmode\/\" \/>\n<meta property=\"og:site_name\" content=\"Osatech\" \/>\n<meta property=\"article:publisher\" content=\"https:\/\/www.facebook.com\/Osatechgroup\/\" \/>\n<meta property=\"article:published_time\" content=\"2020-01-13T14:04:10+00:00\" \/>\n<meta property=\"article:modified_time\" content=\"2024-03-27T15:34:05+00:00\" \/>\n<meta property=\"og:image\" content=\"https:\/\/osatech.ch\/wp-content\/uploads\/facebook_darkmode.jpg\" \/>\n\t<meta property=\"og:image:width\" content=\"600\" \/>\n\t<meta property=\"og:image:height\" content=\"600\" \/>\n\t<meta property=\"og:image:type\" content=\"image\/jpeg\" \/>\n<meta name=\"author\" content=\"OsaTech\" \/>\n<meta name=\"twitter:card\" content=\"summary_large_image\" \/>\n<meta name=\"twitter:label1\" content=\"Scritto da\" \/>\n\t<meta name=\"twitter:data1\" content=\"OsaTech\" \/>\n\t<meta name=\"twitter:label2\" content=\"Tempo di lettura stimato\" \/>\n\t<meta name=\"twitter:data2\" content=\"1 minuto\" \/>\n<script type=\"application\/ld+json\" class=\"yoast-schema-graph\">{\"@context\":\"https:\/\/schema.org\",\"@graph\":[{\"@type\":\"Article\",\"@id\":\"https:\/\/osatech.ch\/it\/facebook-ecco-la-darkmode\/#article\",\"isPartOf\":{\"@id\":\"https:\/\/osatech.ch\/it\/facebook-ecco-la-darkmode\/\"},\"author\":{\"name\":\"OsaTech\",\"@id\":\"https:\/\/osatech.ch\/en\/#\/schema\/person\/1cb4946dfe57bf2ff58dd38f639e2d97\"},\"headline\":\"FACEBOOK ECCO LA DARKMODE\",\"datePublished\":\"2020-01-13T14:04:10+00:00\",\"dateModified\":\"2024-03-27T15:34:05+00:00\",\"mainEntityOfPage\":{\"@id\":\"https:\/\/osatech.ch\/it\/facebook-ecco-la-darkmode\/\"},\"wordCount\":245,\"publisher\":{\"@id\":\"https:\/\/osatech.ch\/en\/#organization\"},\"image\":{\"@id\":\"https:\/\/osatech.ch\/it\/facebook-ecco-la-darkmode\/#primaryimage\"},\"thumbnailUrl\":\"https:\/\/osatech.ch\/wp-content\/uploads\/facebook_darkmode.jpg\",\"articleSection\":[\"Informatica\"],\"inLanguage\":\"it-IT\"},{\"@type\":\"WebPage\",\"@id\":\"https:\/\/osatech.ch\/it\/facebook-ecco-la-darkmode\/\",\"url\":\"https:\/\/osatech.ch\/it\/facebook-ecco-la-darkmode\/\",\"name\":\"Facebook: Ecco la DarkMode. Come attivare la modalit\u00e0 scura - Osatech\",\"isPartOf\":{\"@id\":\"https:\/\/osatech.ch\/en\/#website\"},\"primaryImageOfPage\":{\"@id\":\"https:\/\/osatech.ch\/it\/facebook-ecco-la-darkmode\/#primaryimage\"},\"image\":{\"@id\":\"https:\/\/osatech.ch\/it\/facebook-ecco-la-darkmode\/#primaryimage\"},\"thumbnailUrl\":\"https:\/\/osatech.ch\/wp-content\/uploads\/facebook_darkmode.jpg\",\"datePublished\":\"2020-01-13T14:04:10+00:00\",\"dateModified\":\"2024-03-27T15:34:05+00:00\",\"description\":\"Facebook: Ecco la DarkMode. Scopri come attivare la modalit\u00e0 scura su Facebook su Osatech per un'esperienza visiva diversa.\",\"breadcrumb\":{\"@id\":\"https:\/\/osatech.ch\/it\/facebook-ecco-la-darkmode\/#breadcrumb\"},\"inLanguage\":\"it-IT\",\"potentialAction\":[{\"@type\":\"ReadAction\",\"target\":[\"https:\/\/osatech.ch\/it\/facebook-ecco-la-darkmode\/\"]}]},{\"@type\":\"ImageObject\",\"inLanguage\":\"it-IT\",\"@id\":\"https:\/\/osatech.ch\/it\/facebook-ecco-la-darkmode\/#primaryimage\",\"url\":\"https:\/\/osatech.ch\/wp-content\/uploads\/facebook_darkmode.jpg\",\"contentUrl\":\"https:\/\/osatech.ch\/wp-content\/uploads\/facebook_darkmode.jpg\",\"width\":600,\"height\":600,\"caption\":\"facebook\"},{\"@type\":\"BreadcrumbList\",\"@id\":\"https:\/\/osatech.ch\/it\/facebook-ecco-la-darkmode\/#breadcrumb\",\"itemListElement\":[{\"@type\":\"ListItem\",\"position\":1,\"name\":\"Home\",\"item\":\"https:\/\/osatech.ch\/it\/\"},{\"@type\":\"ListItem\",\"position\":2,\"name\":\"FACEBOOK ECCO LA DARKMODE\"}]},{\"@type\":\"WebSite\",\"@id\":\"https:\/\/osatech.ch\/en\/#website\",\"url\":\"https:\/\/osatech.ch\/en\/\",\"name\":\"Osatech\",\"description\":\"Assistenza e Consulenza Informatica Ticino\",\"publisher\":{\"@id\":\"https:\/\/osatech.ch\/en\/#organization\"},\"potentialAction\":[{\"@type\":\"SearchAction\",\"target\":{\"@type\":\"EntryPoint\",\"urlTemplate\":\"https:\/\/osatech.ch\/en\/?s={search_term_string}\"},\"query-input\":{\"@type\":\"PropertyValueSpecification\",\"valueRequired\":true,\"valueName\":\"search_term_string\"}}],\"inLanguage\":\"it-IT\"},{\"@type\":\"Organization\",\"@id\":\"https:\/\/osatech.ch\/en\/#organization\",\"name\":\"Osatech Group SA\",\"url\":\"https:\/\/osatech.ch\/en\/\",\"logo\":{\"@type\":\"ImageObject\",\"inLanguage\":\"it-IT\",\"@id\":\"https:\/\/osatech.ch\/en\/#\/schema\/logo\/image\/\",\"url\":\"https:\/\/osatech.ch\/wp-content\/uploads\/logo-osa.webp\",\"contentUrl\":\"https:\/\/osatech.ch\/wp-content\/uploads\/logo-osa.webp\",\"width\":250,\"height\":43,\"caption\":\"Osatech Group SA\"},\"image\":{\"@id\":\"https:\/\/osatech.ch\/en\/#\/schema\/logo\/image\/\"},\"sameAs\":[\"https:\/\/www.facebook.com\/Osatechgroup\/\"]},{\"@type\":\"Person\",\"@id\":\"https:\/\/osatech.ch\/en\/#\/schema\/person\/1cb4946dfe57bf2ff58dd38f639e2d97\",\"name\":\"OsaTech\",\"image\":{\"@type\":\"ImageObject\",\"inLanguage\":\"it-IT\",\"@id\":\"https:\/\/osatech.ch\/en\/#\/schema\/person\/image\/\",\"url\":\"https:\/\/secure.gravatar.com\/avatar\/056551b3f200835c0ee678d297d0f14d914946ec67882d691bcd0edee019eee1?s=96&d=mm&r=g\",\"contentUrl\":\"https:\/\/secure.gravatar.com\/avatar\/056551b3f200835c0ee678d297d0f14d914946ec67882d691bcd0edee019eee1?s=96&d=mm&r=g\",\"caption\":\"OsaTech\"},\"description\":\"Fondata nel 1997 come azienda di consulenza informatica, negli anni Osatech ha acquisito alcune strategiche aziende e le ha integrate nel gruppo. Ad oggi, Osatech Group SA, \u00e8 una societ\u00e0 multi-servizi competente nei seguenti campi: automazione, comunicazione e pubblicit\u00e0, impianti, sicurezza e videosorveglianza, life-care.\",\"sameAs\":[\"https:\/\/osatech.ch\"]}]}<\/script>\n<!-- \/ Yoast SEO plugin. -->","yoast_head_json":{"title":"Facebook: Ecco la DarkMode. Come attivare la modalit\u00e0 scura - Osatech","description":"Facebook: Ecco la DarkMode. Scopri come attivare la modalit\u00e0 scura su Facebook su Osatech per un'esperienza visiva diversa.","robots":{"index":"index","follow":"follow","max-snippet":"max-snippet:-1","max-image-preview":"max-image-preview:large","max-video-preview":"max-video-preview:-1"},"canonical":"https:\/\/osatech.ch\/it\/facebook-ecco-la-darkmode\/","og_locale":"it_IT","og_type":"article","og_title":"Facebook: Ecco la DarkMode. Come attivare la modalit\u00e0 scura - Osatech","og_description":"Facebook: Ecco la DarkMode. Scopri come attivare la modalit\u00e0 scura su Facebook su Osatech per un'esperienza visiva diversa.","og_url":"https:\/\/osatech.ch\/it\/facebook-ecco-la-darkmode\/","og_site_name":"Osatech","article_publisher":"https:\/\/www.facebook.com\/Osatechgroup\/","article_published_time":"2020-01-13T14:04:10+00:00","article_modified_time":"2024-03-27T15:34:05+00:00","og_image":[{"width":600,"height":600,"url":"https:\/\/osatech.ch\/wp-content\/uploads\/facebook_darkmode.jpg","type":"image\/jpeg"}],"author":"OsaTech","twitter_card":"summary_large_image","twitter_misc":{"Scritto da":"OsaTech","Tempo di lettura stimato":"1 minuto"},"schema":{"@context":"https:\/\/schema.org","@graph":[{"@type":"Article","@id":"https:\/\/osatech.ch\/it\/facebook-ecco-la-darkmode\/#article","isPartOf":{"@id":"https:\/\/osatech.ch\/it\/facebook-ecco-la-darkmode\/"},"author":{"name":"OsaTech","@id":"https:\/\/osatech.ch\/en\/#\/schema\/person\/1cb4946dfe57bf2ff58dd38f639e2d97"},"headline":"FACEBOOK ECCO LA DARKMODE","datePublished":"2020-01-13T14:04:10+00:00","dateModified":"2024-03-27T15:34:05+00:00","mainEntityOfPage":{"@id":"https:\/\/osatech.ch\/it\/facebook-ecco-la-darkmode\/"},"wordCount":245,"publisher":{"@id":"https:\/\/osatech.ch\/en\/#organization"},"image":{"@id":"https:\/\/osatech.ch\/it\/facebook-ecco-la-darkmode\/#primaryimage"},"thumbnailUrl":"https:\/\/osatech.ch\/wp-content\/uploads\/facebook_darkmode.jpg","articleSection":["Informatica"],"inLanguage":"it-IT"},{"@type":"WebPage","@id":"https:\/\/osatech.ch\/it\/facebook-ecco-la-darkmode\/","url":"https:\/\/osatech.ch\/it\/facebook-ecco-la-darkmode\/","name":"Facebook: Ecco la DarkMode. Come attivare la modalit\u00e0 scura - Osatech","isPartOf":{"@id":"https:\/\/osatech.ch\/en\/#website"},"primaryImageOfPage":{"@id":"https:\/\/osatech.ch\/it\/facebook-ecco-la-darkmode\/#primaryimage"},"image":{"@id":"https:\/\/osatech.ch\/it\/facebook-ecco-la-darkmode\/#primaryimage"},"thumbnailUrl":"https:\/\/osatech.ch\/wp-content\/uploads\/facebook_darkmode.jpg","datePublished":"2020-01-13T14:04:10+00:00","dateModified":"2024-03-27T15:34:05+00:00","description":"Facebook: Ecco la DarkMode. Scopri come attivare la modalit\u00e0 scura su Facebook su Osatech per un'esperienza visiva diversa.","breadcrumb":{"@id":"https:\/\/osatech.ch\/it\/facebook-ecco-la-darkmode\/#breadcrumb"},"inLanguage":"it-IT","potentialAction":[{"@type":"ReadAction","target":["https:\/\/osatech.ch\/it\/facebook-ecco-la-darkmode\/"]}]},{"@type":"ImageObject","inLanguage":"it-IT","@id":"https:\/\/osatech.ch\/it\/facebook-ecco-la-darkmode\/#primaryimage","url":"https:\/\/osatech.ch\/wp-content\/uploads\/facebook_darkmode.jpg","contentUrl":"https:\/\/osatech.ch\/wp-content\/uploads\/facebook_darkmode.jpg","width":600,"height":600,"caption":"facebook"},{"@type":"BreadcrumbList","@id":"https:\/\/osatech.ch\/it\/facebook-ecco-la-darkmode\/#breadcrumb","itemListElement":[{"@type":"ListItem","position":1,"name":"Home","item":"https:\/\/osatech.ch\/it\/"},{"@type":"ListItem","position":2,"name":"FACEBOOK ECCO LA DARKMODE"}]},{"@type":"WebSite","@id":"https:\/\/osatech.ch\/en\/#website","url":"https:\/\/osatech.ch\/en\/","name":"Osatech","description":"Assistenza e Consulenza Informatica Ticino","publisher":{"@id":"https:\/\/osatech.ch\/en\/#organization"},"potentialAction":[{"@type":"SearchAction","target":{"@type":"EntryPoint","urlTemplate":"https:\/\/osatech.ch\/en\/?s={search_term_string}"},"query-input":{"@type":"PropertyValueSpecification","valueRequired":true,"valueName":"search_term_string"}}],"inLanguage":"it-IT"},{"@type":"Organization","@id":"https:\/\/osatech.ch\/en\/#organization","name":"Osatech Group SA","url":"https:\/\/osatech.ch\/en\/","logo":{"@type":"ImageObject","inLanguage":"it-IT","@id":"https:\/\/osatech.ch\/en\/#\/schema\/logo\/image\/","url":"https:\/\/osatech.ch\/wp-content\/uploads\/logo-osa.webp","contentUrl":"https:\/\/osatech.ch\/wp-content\/uploads\/logo-osa.webp","width":250,"height":43,"caption":"Osatech Group SA"},"image":{"@id":"https:\/\/osatech.ch\/en\/#\/schema\/logo\/image\/"},"sameAs":["https:\/\/www.facebook.com\/Osatechgroup\/"]},{"@type":"Person","@id":"https:\/\/osatech.ch\/en\/#\/schema\/person\/1cb4946dfe57bf2ff58dd38f639e2d97","name":"OsaTech","image":{"@type":"ImageObject","inLanguage":"it-IT","@id":"https:\/\/osatech.ch\/en\/#\/schema\/person\/image\/","url":"https:\/\/secure.gravatar.com\/avatar\/056551b3f200835c0ee678d297d0f14d914946ec67882d691bcd0edee019eee1?s=96&d=mm&r=g","contentUrl":"https:\/\/secure.gravatar.com\/avatar\/056551b3f200835c0ee678d297d0f14d914946ec67882d691bcd0edee019eee1?s=96&d=mm&r=g","caption":"OsaTech"},"description":"Fondata nel 1997 come azienda di consulenza informatica, negli anni Osatech ha acquisito alcune strategiche aziende e le ha integrate nel gruppo. Ad oggi, Osatech Group SA, \u00e8 una societ\u00e0 multi-servizi competente nei seguenti campi: automazione, comunicazione e pubblicit\u00e0, impianti, sicurezza e videosorveglianza, life-care.","sameAs":["https:\/\/osatech.ch"]}]}},"_links":{"self":[{"href":"https:\/\/osatech.ch\/it\/wp-json\/wp\/v2\/posts\/5638","targetHints":{"allow":["GET"]}}],"collection":[{"href":"https:\/\/osatech.ch\/it\/wp-json\/wp\/v2\/posts"}],"about":[{"href":"https:\/\/osatech.ch\/it\/wp-json\/wp\/v2\/types\/post"}],"author":[{"embeddable":true,"href":"https:\/\/osatech.ch\/it\/wp-json\/wp\/v2\/users\/1"}],"replies":[{"embeddable":true,"href":"https:\/\/osatech.ch\/it\/wp-json\/wp\/v2\/comments?post=5638"}],"version-history":[{"count":10,"href":"https:\/\/osatech.ch\/it\/wp-json\/wp\/v2\/posts\/5638\/revisions"}],"predecessor-version":[{"id":39264,"href":"https:\/\/osatech.ch\/it\/wp-json\/wp\/v2\/posts\/5638\/revisions\/39264"}],"wp:featuredmedia":[{"embeddable":true,"href":"https:\/\/osatech.ch\/it\/wp-json\/wp\/v2\/media\/5639"}],"wp:attachment":[{"href":"https:\/\/osatech.ch\/it\/wp-json\/wp\/v2\/media?parent=5638"}],"wp:term":[{"taxonomy":"category","embeddable":true,"href":"https:\/\/osatech.ch\/it\/wp-json\/wp\/v2\/categories?post=5638"},{"taxonomy":"post_tag","embeddable":true,"href":"https:\/\/osatech.ch\/it\/wp-json\/wp\/v2\/tags?post=5638"}],"curies":[{"name":"wp","href":"https:\/\/api.w.org\/{rel}","templated":true}]}}