{"id":5625,"date":"2020-01-09T17:54:01","date_gmt":"2020-01-09T16:54:01","guid":{"rendered":"https:\/\/osatech.ch\/?p=5625"},"modified":"2024-03-27T16:14:09","modified_gmt":"2024-03-27T15:14:09","slug":"2020-ecco-liphone-economico","status":"publish","type":"post","link":"https:\/\/osatech.ch\/it\/2020-ecco-liphone-economico\/","title":{"rendered":"2020: ECCO L&#8217;IPHONE ECONOMICO"},"content":{"rendered":"\t\t<div data-elementor-type=\"wp-post\" data-elementor-id=\"5625\" class=\"elementor elementor-5625\" data-elementor-post-type=\"post\">\n\t\t\t\t\t\t<section class=\"elementor-section elementor-top-section elementor-element elementor-element-81e6d63 elementor-section-boxed elementor-section-height-default elementor-section-height-default\" data-id=\"81e6d63\" data-element_type=\"section\" data-e-type=\"section\">\n\t\t\t\t\t\t<div class=\"elementor-container elementor-column-gap-default\">\n\t\t\t\t\t<div class=\"elementor-column elementor-col-100 elementor-top-column elementor-element elementor-element-e7e98e9\" data-id=\"e7e98e9\" data-element_type=\"column\" data-e-type=\"column\">\n\t\t\t<div class=\"elementor-widget-wrap elementor-element-populated\">\n\t\t\t\t\t\t<div class=\"elementor-element elementor-element-bbdc3a6 elementor-widget elementor-widget-text-editor\" data-id=\"bbdc3a6\" data-element_type=\"widget\" data-e-type=\"widget\" data-widget_type=\"text-editor.default\">\n\t\t\t\t\t\t\t\t\t<p>L&#8217;attesa per l&#8217;iPhone economico del 2020 \u00e8 sempre pi\u00f9 intensa, con i dettagli che emergono sempre di pi\u00f9 riguardo al possibile design e alle specifiche tecniche del dispositiv<\/p>\t\t\t\t\t\t\t\t<\/div>\n\t\t\t\t<div class=\"elementor-element elementor-element-1dc8a7c elementor-widget elementor-widget-heading\" data-id=\"1dc8a7c\" data-element_type=\"widget\" data-e-type=\"widget\" data-widget_type=\"heading.default\">\n\t\t\t\t\t<h2 class=\"elementor-heading-title elementor-size-default\">Specifiche Tecniche e Possibile Nome<\/h2>\t\t\t\t<\/div>\n\t\t\t\t<div class=\"elementor-element elementor-element-41b5b3b elementor-widget elementor-widget-text-editor\" data-id=\"41b5b3b\" data-element_type=\"widget\" data-e-type=\"widget\" data-widget_type=\"text-editor.default\">\n\t\t\t\t\t\t\t\t\t<p>Si prevede che questo nuovo iPhone economico, che potrebbe essere chiamato iPhone SE2 o iPhone 9, arriver\u00e0 sul mercato con un prezzo competitivo di circa 400 dollari. Le dimensioni dovrebbero essere simili a quelle dell&#8217;iPhone 8, con uno schermo da 4,7 pollici. Tuttavia, Hemmerstoffer ha suggerito che lo spessore potrebbe essere leggermente superiore rispetto al modello di tre anni fa, passando da 7,3 a 7,9 millimetri.<\/p>\t\t\t\t\t\t\t\t<\/div>\n\t\t\t\t<div class=\"elementor-element elementor-element-bd84a56 elementor-widget elementor-widget-heading\" data-id=\"bd84a56\" data-element_type=\"widget\" data-e-type=\"widget\" data-widget_type=\"heading.default\">\n\t\t\t\t\t<h2 class=\"elementor-heading-title elementor-size-default\">Dettagli sul Design e Caratteristiche<\/h2>\t\t\t\t<\/div>\n\t\t\t\t<div class=\"elementor-element elementor-element-fbbeeb6 elementor-widget elementor-widget-text-editor\" data-id=\"fbbeeb6\" data-element_type=\"widget\" data-e-type=\"widget\" data-widget_type=\"text-editor.default\">\n\t\t\t\t\t\t\t\t\t<p>Dal punto di vista estetico, il dispositivo potrebbe sorprendere, presentandosi senza il famigerato notch ma con cornici abbastanza pronunciate. Si prevede che il Touch ID trover\u00e0 posto nella cornice inferiore, mentre sul retro sar\u00e0 presente una singola fotocamera, con la possibilit\u00e0 di consentire la ricarica wireless di altri dispositivi.<\/p>\t\t\t\t\t\t\t\t<\/div>\n\t\t\t\t<div class=\"elementor-element elementor-element-daf30c0 elementor-widget elementor-widget-heading\" data-id=\"daf30c0\" data-element_type=\"widget\" data-e-type=\"widget\" data-widget_type=\"heading.default\">\n\t\t\t\t\t<h2 class=\"elementor-heading-title elementor-size-default\">Potenza e Prestazioni<\/h2>\t\t\t\t<\/div>\n\t\t\t\t<div class=\"elementor-element elementor-element-9cd604a elementor-widget elementor-widget-text-editor\" data-id=\"9cd604a\" data-element_type=\"widget\" data-e-type=\"widget\" data-widget_type=\"text-editor.default\">\n\t\t\t\t\t\t\t\t\t<p>Tra le attese per questo nuovo iPhone economico c&#8217;\u00e8 anche una batteria pi\u00f9 capiente e un processore potente.<\/p><p>Si parla dell&#8217;A13 Bionic, il potente chip progettato da Apple che equipaggia i pi\u00f9 recenti modelli di smartphone della casa produttrice.<\/p><p>Questo processore \u00e8 rinomato per offrire prestazioni all&#8217;avanguardia, garantendo una fluidit\u00e0 senza compromessi nell&#8217;utilizzo quotidiano del dispositivo.<\/p><p>Grazie all&#8217;A13 Bionic, ci si pu\u00f2 aspettare che anche questo modello pi\u00f9 accessibile possa gestire senza sforzi le applicazioni pi\u00f9 esigenti. Ci\u00f2 consentir\u00e0 agli utenti di godere di un&#8217;esperienza utente impeccabile e di lunga durata.<\/p><p>La combinazione di una batteria pi\u00f9 capiente e di un processore cos\u00ec performante promette di soddisfare le esigenze di coloro che cercano un dispositivo affidabile e reattivo, senza dover necessariamente investire in una versione di punta. Con l&#8217;A13 Bionic a bordo, l&#8217;iPhone economico del 2020 si prospetta come un&#8217;opzione molto interessante per chi cerca un equilibrio tra prestazioni di alto livello e un prezzo pi\u00f9 accessibile.<\/p>\t\t\t\t\t\t\t\t<\/div>\n\t\t\t\t<div class=\"elementor-element elementor-element-1560851 elementor-widget elementor-widget-heading\" data-id=\"1560851\" data-element_type=\"widget\" data-e-type=\"widget\" data-widget_type=\"heading.default\">\n\t\t\t\t\t<h2 class=\"elementor-heading-title elementor-size-default\">Conclusioni sull'iphone economico<\/h2>\t\t\t\t<\/div>\n\t\t\t\t<div class=\"elementor-element elementor-element-c66e3ff elementor-widget elementor-widget-text-editor\" data-id=\"c66e3ff\" data-element_type=\"widget\" data-e-type=\"widget\" data-widget_type=\"text-editor.default\">\n\t\t\t\t\t\t\t\t\t<p>In sintesi, l&#8217;iPhone economico del 2020 si preannuncia come una proposta interessante per coloro che desiderano accedere al mondo Apple con un budget pi\u00f9 contenuto.<\/p><p>Tutto questo senza dover rinunciare alle caratteristiche di base e alle performance di alto livello che contraddistinguono i prodotti della Mela. Restiamo in attesa di ulteriori dettagli e dell&#8217;annuncio ufficiale da parte di Apple per scoprire tutte le novit\u00e0 che questo dispositivo porter\u00e0 con s\u00e9.<\/p><p>Fonte: <a href=\"http:\/\/www.ansa.it\/sito\/notizie\/tecnologia\/hitech\/2020\/01\/09\/ecco-come-sara-liphone-economico_3c0d4f34-f6b6-4e84-bec8-82ffb03a5215.html\">http:\/\/www.ansa.it\/sito\/notizie\/tecnologia\/hitech\/2020\/01\/09\/ecco-come-sara-liphone-economico_3c0d4f34-f6b6-4e84-bec8-82ffb03a5215.html<\/a><\/p><p>Hai bisogno di assistenza? <a href=\"https:\/\/osatech.ch\/servizi\/assistenza-informatica\/\">Clicca qui<\/a> per scoprire i servizi di assistenza informatica offerti da Osatech<\/p>\t\t\t\t\t\t\t\t<\/div>\n\t\t\t\t\t<\/div>\n\t\t<\/div>\n\t\t\t\t\t<\/div>\n\t\t<\/section>\n\t\t\t\t<\/div>\n\t\t","protected":false},"excerpt":{"rendered":"<p>L&#8217;attesa per l&#8217;iPhone economico del 2020 \u00e8 sempre pi\u00f9 intensa, con i dettagli che emergono sempre di pi\u00f9 riguardo al possibile design e alle specifiche tecniche del dispositiv Specifiche Tecniche e Possibile Nome Si prevede che questo nuovo iPhone economico, che potrebbe essere chiamato iPhone SE2 o iPhone 9, arriver\u00e0 sul mercato con un prezzo [&hellip;]<\/p>\n","protected":false},"author":1,"featured_media":5626,"comment_status":"closed","ping_status":"closed","sticky":false,"template":"","format":"standard","meta":{"footnotes":""},"categories":[67],"tags":[],"class_list":["post-5625","post","type-post","status-publish","format-standard","has-post-thumbnail","hentry","category-informatica"],"yoast_head":"<!-- This site is optimized with the Yoast SEO plugin v27.0 - https:\/\/yoast.com\/product\/yoast-seo-wordpress\/ -->\n<title>2020: ECCO L&#039;IPHONE ECONOMICO di Apple - Osatech<\/title>\n<meta name=\"description\" content=\"Scopri l&#039;iPhone economico del 2020: Novit\u00e0 e imperdibili offerte su Osatech. Tecnologia accessibile e prestazioni al top.\" \/>\n<meta name=\"robots\" content=\"index, follow, max-snippet:-1, max-image-preview:large, max-video-preview:-1\" \/>\n<link rel=\"canonical\" href=\"https:\/\/osatech.ch\/it\/2020-ecco-liphone-economico\/\" \/>\n<meta property=\"og:locale\" content=\"it_IT\" \/>\n<meta property=\"og:type\" content=\"article\" \/>\n<meta property=\"og:title\" content=\"2020: ECCO L&#039;IPHONE ECONOMICO di Apple - Osatech\" \/>\n<meta property=\"og:description\" content=\"Scopri l&#039;iPhone economico del 2020: Novit\u00e0 e imperdibili offerte su Osatech. Tecnologia accessibile e prestazioni al top.\" \/>\n<meta property=\"og:url\" content=\"https:\/\/osatech.ch\/it\/2020-ecco-liphone-economico\/\" \/>\n<meta property=\"og:site_name\" content=\"Osatech\" \/>\n<meta property=\"article:publisher\" content=\"https:\/\/www.facebook.com\/Osatechgroup\/\" \/>\n<meta property=\"article:published_time\" content=\"2020-01-09T16:54:01+00:00\" \/>\n<meta property=\"article:modified_time\" content=\"2024-03-27T15:14:09+00:00\" \/>\n<meta property=\"og:image\" content=\"https:\/\/osatech.ch\/wp-content\/uploads\/iphone_economico_2020.png\" \/>\n\t<meta property=\"og:image:width\" content=\"630\" \/>\n\t<meta property=\"og:image:height\" content=\"315\" \/>\n\t<meta property=\"og:image:type\" content=\"image\/png\" \/>\n<meta name=\"author\" content=\"OsaTech\" \/>\n<meta name=\"twitter:card\" content=\"summary_large_image\" \/>\n<meta name=\"twitter:label1\" content=\"Scritto da\" \/>\n\t<meta name=\"twitter:data1\" content=\"OsaTech\" \/>\n\t<meta name=\"twitter:label2\" content=\"Tempo di lettura stimato\" \/>\n\t<meta name=\"twitter:data2\" content=\"2 minuti\" \/>\n<script type=\"application\/ld+json\" class=\"yoast-schema-graph\">{\"@context\":\"https:\/\/schema.org\",\"@graph\":[{\"@type\":\"Article\",\"@id\":\"https:\/\/osatech.ch\/it\/2020-ecco-liphone-economico\/#article\",\"isPartOf\":{\"@id\":\"https:\/\/osatech.ch\/it\/2020-ecco-liphone-economico\/\"},\"author\":{\"name\":\"OsaTech\",\"@id\":\"https:\/\/osatech.ch\/en\/#\/schema\/person\/1cb4946dfe57bf2ff58dd38f639e2d97\"},\"headline\":\"2020: ECCO L&#8217;IPHONE ECONOMICO\",\"datePublished\":\"2020-01-09T16:54:01+00:00\",\"dateModified\":\"2024-03-27T15:14:09+00:00\",\"mainEntityOfPage\":{\"@id\":\"https:\/\/osatech.ch\/it\/2020-ecco-liphone-economico\/\"},\"wordCount\":431,\"publisher\":{\"@id\":\"https:\/\/osatech.ch\/en\/#organization\"},\"image\":{\"@id\":\"https:\/\/osatech.ch\/it\/2020-ecco-liphone-economico\/#primaryimage\"},\"thumbnailUrl\":\"https:\/\/osatech.ch\/wp-content\/uploads\/iphone_economico_2020.png\",\"articleSection\":[\"Informatica\"],\"inLanguage\":\"it-IT\"},{\"@type\":\"WebPage\",\"@id\":\"https:\/\/osatech.ch\/it\/2020-ecco-liphone-economico\/\",\"url\":\"https:\/\/osatech.ch\/it\/2020-ecco-liphone-economico\/\",\"name\":\"2020: ECCO L'IPHONE ECONOMICO di Apple - Osatech\",\"isPartOf\":{\"@id\":\"https:\/\/osatech.ch\/en\/#website\"},\"primaryImageOfPage\":{\"@id\":\"https:\/\/osatech.ch\/it\/2020-ecco-liphone-economico\/#primaryimage\"},\"image\":{\"@id\":\"https:\/\/osatech.ch\/it\/2020-ecco-liphone-economico\/#primaryimage\"},\"thumbnailUrl\":\"https:\/\/osatech.ch\/wp-content\/uploads\/iphone_economico_2020.png\",\"datePublished\":\"2020-01-09T16:54:01+00:00\",\"dateModified\":\"2024-03-27T15:14:09+00:00\",\"description\":\"Scopri l'iPhone economico del 2020: Novit\u00e0 e imperdibili offerte su Osatech. Tecnologia accessibile e prestazioni al top.\",\"breadcrumb\":{\"@id\":\"https:\/\/osatech.ch\/it\/2020-ecco-liphone-economico\/#breadcrumb\"},\"inLanguage\":\"it-IT\",\"potentialAction\":[{\"@type\":\"ReadAction\",\"target\":[\"https:\/\/osatech.ch\/it\/2020-ecco-liphone-economico\/\"]}]},{\"@type\":\"ImageObject\",\"inLanguage\":\"it-IT\",\"@id\":\"https:\/\/osatech.ch\/it\/2020-ecco-liphone-economico\/#primaryimage\",\"url\":\"https:\/\/osatech.ch\/wp-content\/uploads\/iphone_economico_2020.png\",\"contentUrl\":\"https:\/\/osatech.ch\/wp-content\/uploads\/iphone_economico_2020.png\",\"width\":630,\"height\":315,\"caption\":\"IPHONE ECONOMICO\"},{\"@type\":\"BreadcrumbList\",\"@id\":\"https:\/\/osatech.ch\/it\/2020-ecco-liphone-economico\/#breadcrumb\",\"itemListElement\":[{\"@type\":\"ListItem\",\"position\":1,\"name\":\"Home\",\"item\":\"https:\/\/osatech.ch\/it\/\"},{\"@type\":\"ListItem\",\"position\":2,\"name\":\"2020: ECCO L&#8217;IPHONE ECONOMICO\"}]},{\"@type\":\"WebSite\",\"@id\":\"https:\/\/osatech.ch\/en\/#website\",\"url\":\"https:\/\/osatech.ch\/en\/\",\"name\":\"Osatech\",\"description\":\"Assistenza e Consulenza Informatica Ticino\",\"publisher\":{\"@id\":\"https:\/\/osatech.ch\/en\/#organization\"},\"potentialAction\":[{\"@type\":\"SearchAction\",\"target\":{\"@type\":\"EntryPoint\",\"urlTemplate\":\"https:\/\/osatech.ch\/en\/?s={search_term_string}\"},\"query-input\":{\"@type\":\"PropertyValueSpecification\",\"valueRequired\":true,\"valueName\":\"search_term_string\"}}],\"inLanguage\":\"it-IT\"},{\"@type\":\"Organization\",\"@id\":\"https:\/\/osatech.ch\/en\/#organization\",\"name\":\"Osatech Group SA\",\"url\":\"https:\/\/osatech.ch\/en\/\",\"logo\":{\"@type\":\"ImageObject\",\"inLanguage\":\"it-IT\",\"@id\":\"https:\/\/osatech.ch\/en\/#\/schema\/logo\/image\/\",\"url\":\"https:\/\/osatech.ch\/wp-content\/uploads\/logo-osa.webp\",\"contentUrl\":\"https:\/\/osatech.ch\/wp-content\/uploads\/logo-osa.webp\",\"width\":250,\"height\":43,\"caption\":\"Osatech Group SA\"},\"image\":{\"@id\":\"https:\/\/osatech.ch\/en\/#\/schema\/logo\/image\/\"},\"sameAs\":[\"https:\/\/www.facebook.com\/Osatechgroup\/\"]},{\"@type\":\"Person\",\"@id\":\"https:\/\/osatech.ch\/en\/#\/schema\/person\/1cb4946dfe57bf2ff58dd38f639e2d97\",\"name\":\"OsaTech\",\"image\":{\"@type\":\"ImageObject\",\"inLanguage\":\"it-IT\",\"@id\":\"https:\/\/osatech.ch\/en\/#\/schema\/person\/image\/\",\"url\":\"https:\/\/secure.gravatar.com\/avatar\/056551b3f200835c0ee678d297d0f14d914946ec67882d691bcd0edee019eee1?s=96&d=mm&r=g\",\"contentUrl\":\"https:\/\/secure.gravatar.com\/avatar\/056551b3f200835c0ee678d297d0f14d914946ec67882d691bcd0edee019eee1?s=96&d=mm&r=g\",\"caption\":\"OsaTech\"},\"description\":\"Fondata nel 1997 come azienda di consulenza informatica, negli anni Osatech ha acquisito alcune strategiche aziende e le ha integrate nel gruppo. Ad oggi, Osatech Group SA, \u00e8 una societ\u00e0 multi-servizi competente nei seguenti campi: automazione, comunicazione e pubblicit\u00e0, impianti, sicurezza e videosorveglianza, life-care.\",\"sameAs\":[\"https:\/\/osatech.ch\"]}]}<\/script>\n<!-- \/ Yoast SEO plugin. -->","yoast_head_json":{"title":"2020: ECCO L'IPHONE ECONOMICO di Apple - Osatech","description":"Scopri l'iPhone economico del 2020: Novit\u00e0 e imperdibili offerte su Osatech. Tecnologia accessibile e prestazioni al top.","robots":{"index":"index","follow":"follow","max-snippet":"max-snippet:-1","max-image-preview":"max-image-preview:large","max-video-preview":"max-video-preview:-1"},"canonical":"https:\/\/osatech.ch\/it\/2020-ecco-liphone-economico\/","og_locale":"it_IT","og_type":"article","og_title":"2020: ECCO L'IPHONE ECONOMICO di Apple - Osatech","og_description":"Scopri l'iPhone economico del 2020: Novit\u00e0 e imperdibili offerte su Osatech. Tecnologia accessibile e prestazioni al top.","og_url":"https:\/\/osatech.ch\/it\/2020-ecco-liphone-economico\/","og_site_name":"Osatech","article_publisher":"https:\/\/www.facebook.com\/Osatechgroup\/","article_published_time":"2020-01-09T16:54:01+00:00","article_modified_time":"2024-03-27T15:14:09+00:00","og_image":[{"width":630,"height":315,"url":"https:\/\/osatech.ch\/wp-content\/uploads\/iphone_economico_2020.png","type":"image\/png"}],"author":"OsaTech","twitter_card":"summary_large_image","twitter_misc":{"Scritto da":"OsaTech","Tempo di lettura stimato":"2 minuti"},"schema":{"@context":"https:\/\/schema.org","@graph":[{"@type":"Article","@id":"https:\/\/osatech.ch\/it\/2020-ecco-liphone-economico\/#article","isPartOf":{"@id":"https:\/\/osatech.ch\/it\/2020-ecco-liphone-economico\/"},"author":{"name":"OsaTech","@id":"https:\/\/osatech.ch\/en\/#\/schema\/person\/1cb4946dfe57bf2ff58dd38f639e2d97"},"headline":"2020: ECCO L&#8217;IPHONE ECONOMICO","datePublished":"2020-01-09T16:54:01+00:00","dateModified":"2024-03-27T15:14:09+00:00","mainEntityOfPage":{"@id":"https:\/\/osatech.ch\/it\/2020-ecco-liphone-economico\/"},"wordCount":431,"publisher":{"@id":"https:\/\/osatech.ch\/en\/#organization"},"image":{"@id":"https:\/\/osatech.ch\/it\/2020-ecco-liphone-economico\/#primaryimage"},"thumbnailUrl":"https:\/\/osatech.ch\/wp-content\/uploads\/iphone_economico_2020.png","articleSection":["Informatica"],"inLanguage":"it-IT"},{"@type":"WebPage","@id":"https:\/\/osatech.ch\/it\/2020-ecco-liphone-economico\/","url":"https:\/\/osatech.ch\/it\/2020-ecco-liphone-economico\/","name":"2020: ECCO L'IPHONE ECONOMICO di Apple - Osatech","isPartOf":{"@id":"https:\/\/osatech.ch\/en\/#website"},"primaryImageOfPage":{"@id":"https:\/\/osatech.ch\/it\/2020-ecco-liphone-economico\/#primaryimage"},"image":{"@id":"https:\/\/osatech.ch\/it\/2020-ecco-liphone-economico\/#primaryimage"},"thumbnailUrl":"https:\/\/osatech.ch\/wp-content\/uploads\/iphone_economico_2020.png","datePublished":"2020-01-09T16:54:01+00:00","dateModified":"2024-03-27T15:14:09+00:00","description":"Scopri l'iPhone economico del 2020: Novit\u00e0 e imperdibili offerte su Osatech. Tecnologia accessibile e prestazioni al top.","breadcrumb":{"@id":"https:\/\/osatech.ch\/it\/2020-ecco-liphone-economico\/#breadcrumb"},"inLanguage":"it-IT","potentialAction":[{"@type":"ReadAction","target":["https:\/\/osatech.ch\/it\/2020-ecco-liphone-economico\/"]}]},{"@type":"ImageObject","inLanguage":"it-IT","@id":"https:\/\/osatech.ch\/it\/2020-ecco-liphone-economico\/#primaryimage","url":"https:\/\/osatech.ch\/wp-content\/uploads\/iphone_economico_2020.png","contentUrl":"https:\/\/osatech.ch\/wp-content\/uploads\/iphone_economico_2020.png","width":630,"height":315,"caption":"IPHONE ECONOMICO"},{"@type":"BreadcrumbList","@id":"https:\/\/osatech.ch\/it\/2020-ecco-liphone-economico\/#breadcrumb","itemListElement":[{"@type":"ListItem","position":1,"name":"Home","item":"https:\/\/osatech.ch\/it\/"},{"@type":"ListItem","position":2,"name":"2020: ECCO L&#8217;IPHONE ECONOMICO"}]},{"@type":"WebSite","@id":"https:\/\/osatech.ch\/en\/#website","url":"https:\/\/osatech.ch\/en\/","name":"Osatech","description":"Assistenza e Consulenza Informatica Ticino","publisher":{"@id":"https:\/\/osatech.ch\/en\/#organization"},"potentialAction":[{"@type":"SearchAction","target":{"@type":"EntryPoint","urlTemplate":"https:\/\/osatech.ch\/en\/?s={search_term_string}"},"query-input":{"@type":"PropertyValueSpecification","valueRequired":true,"valueName":"search_term_string"}}],"inLanguage":"it-IT"},{"@type":"Organization","@id":"https:\/\/osatech.ch\/en\/#organization","name":"Osatech Group SA","url":"https:\/\/osatech.ch\/en\/","logo":{"@type":"ImageObject","inLanguage":"it-IT","@id":"https:\/\/osatech.ch\/en\/#\/schema\/logo\/image\/","url":"https:\/\/osatech.ch\/wp-content\/uploads\/logo-osa.webp","contentUrl":"https:\/\/osatech.ch\/wp-content\/uploads\/logo-osa.webp","width":250,"height":43,"caption":"Osatech Group SA"},"image":{"@id":"https:\/\/osatech.ch\/en\/#\/schema\/logo\/image\/"},"sameAs":["https:\/\/www.facebook.com\/Osatechgroup\/"]},{"@type":"Person","@id":"https:\/\/osatech.ch\/en\/#\/schema\/person\/1cb4946dfe57bf2ff58dd38f639e2d97","name":"OsaTech","image":{"@type":"ImageObject","inLanguage":"it-IT","@id":"https:\/\/osatech.ch\/en\/#\/schema\/person\/image\/","url":"https:\/\/secure.gravatar.com\/avatar\/056551b3f200835c0ee678d297d0f14d914946ec67882d691bcd0edee019eee1?s=96&d=mm&r=g","contentUrl":"https:\/\/secure.gravatar.com\/avatar\/056551b3f200835c0ee678d297d0f14d914946ec67882d691bcd0edee019eee1?s=96&d=mm&r=g","caption":"OsaTech"},"description":"Fondata nel 1997 come azienda di consulenza informatica, negli anni Osatech ha acquisito alcune strategiche aziende e le ha integrate nel gruppo. Ad oggi, Osatech Group SA, \u00e8 una societ\u00e0 multi-servizi competente nei seguenti campi: automazione, comunicazione e pubblicit\u00e0, impianti, sicurezza e videosorveglianza, life-care.","sameAs":["https:\/\/osatech.ch"]}]}},"_links":{"self":[{"href":"https:\/\/osatech.ch\/it\/wp-json\/wp\/v2\/posts\/5625","targetHints":{"allow":["GET"]}}],"collection":[{"href":"https:\/\/osatech.ch\/it\/wp-json\/wp\/v2\/posts"}],"about":[{"href":"https:\/\/osatech.ch\/it\/wp-json\/wp\/v2\/types\/post"}],"author":[{"embeddable":true,"href":"https:\/\/osatech.ch\/it\/wp-json\/wp\/v2\/users\/1"}],"replies":[{"embeddable":true,"href":"https:\/\/osatech.ch\/it\/wp-json\/wp\/v2\/comments?post=5625"}],"version-history":[{"count":14,"href":"https:\/\/osatech.ch\/it\/wp-json\/wp\/v2\/posts\/5625\/revisions"}],"predecessor-version":[{"id":39265,"href":"https:\/\/osatech.ch\/it\/wp-json\/wp\/v2\/posts\/5625\/revisions\/39265"}],"wp:featuredmedia":[{"embeddable":true,"href":"https:\/\/osatech.ch\/it\/wp-json\/wp\/v2\/media\/5626"}],"wp:attachment":[{"href":"https:\/\/osatech.ch\/it\/wp-json\/wp\/v2\/media?parent=5625"}],"wp:term":[{"taxonomy":"category","embeddable":true,"href":"https:\/\/osatech.ch\/it\/wp-json\/wp\/v2\/categories?post=5625"},{"taxonomy":"post_tag","embeddable":true,"href":"https:\/\/osatech.ch\/it\/wp-json\/wp\/v2\/tags?post=5625"}],"curies":[{"name":"wp","href":"https:\/\/api.w.org\/{rel}","templated":true}]}}