{"id":5531,"date":"2020-01-02T16:22:01","date_gmt":"2020-01-02T15:22:01","guid":{"rendered":"https:\/\/osatech.ch\/?p=5531"},"modified":"2023-09-27T13:34:17","modified_gmt":"2023-09-27T11:34:17","slug":"cpu-i9-core-30-piu-veloce","status":"publish","type":"post","link":"https:\/\/osatech.ch\/it\/cpu-i9-core-30-piu-veloce\/","title":{"rendered":"CPU I9 CORE 30% PI\u00d9 VELOCE"},"content":{"rendered":"\t\t<div data-elementor-type=\"wp-post\" data-elementor-id=\"5531\" class=\"elementor elementor-5531\" data-elementor-post-type=\"post\">\n\t\t\t\t\t\t<section class=\"elementor-section elementor-top-section elementor-element elementor-element-81e6d63 elementor-section-boxed elementor-section-height-default elementor-section-height-default\" data-id=\"81e6d63\" data-element_type=\"section\" data-e-type=\"section\">\n\t\t\t\t\t\t<div class=\"elementor-container elementor-column-gap-default\">\n\t\t\t\t\t<div class=\"elementor-column elementor-col-100 elementor-top-column elementor-element elementor-element-e7e98e9\" data-id=\"e7e98e9\" data-element_type=\"column\" data-e-type=\"column\">\n\t\t\t<div class=\"elementor-widget-wrap elementor-element-populated\">\n\t\t\t\t\t\t<div class=\"elementor-element elementor-element-4fd4997 elementor-widget elementor-widget-text-editor\" data-id=\"4fd4997\" data-element_type=\"widget\" data-e-type=\"widget\" data-widget_type=\"text-editor.default\">\n\t\t\t\t\t\t\t\t\t<p>CPU I9 CORE 30% PI\u00d9 VELOCE. Una slide che parrebbe essere riconducibile a un documento interno di Intel ci offre una qualche idea delle possibili prestazioni del <strong>Core i9-10900K.<\/strong><\/p><p>Il nuovo top di gamma con\u00a0<strong>10 core e 20 thread<\/strong>\u00a0che l\u2019azienda si appresta a introdurre nella prima met\u00e0 del 2020.<\/p><p>La slide \u00e8 stata pubblicata dall\u2019utente MebiuW sul forum cinese Weibo e mostra le presunte prestazioni del nuovo chip con carichi multi-thread e non solo. Nella slide si legge chiaramente che il\u00a0<strong>10900K \u00e8 pi\u00f9 veloce del 9900K in quel frangente fino al 30%.<\/strong><\/p><p>I test includono SYSmark, SPEC, XPRT e Cinebench, e con l\u2019eccezione di Cinebench, la maggior parte sono benchmark piuttosto ottimizzati per l\u2019architettura della casa di Santa Clara e per questo usati di frequente nei documenti interni di Intel.<\/p><p><strong>Il numero del 30% deriva dal benchmark SPEC<\/strong>, mentre i risultati con\u00a0<strong>Cinebench R15<\/strong>\u00a0si fermano appena sotto con un\u00a0<strong>+26%<\/strong>.\u00a0<\/p><p>Vista la differenza di core e thread che intercorre la due CPU non sorprende assistere a un aumento di questo tipo.<\/p><p>Tuttavia bisogna sottolineare che ci sono altri test che evidenziano aumenti decisamente pi\u00f9 contenuti.<\/p><p><strong>Ad esempio ecco XPRT, un test che misura le prestazioni single-thread, dove l\u2019incremento del 4%<\/strong>\u00a0non \u00e8 imputabile n\u00e9 all\u2019architettura n\u00e9 al maggior numero di core e thread, bens\u00ec alla\u00a0<strong>frequenza<\/strong>.<\/p>\t\t\t\t\t\t\t\t<\/div>\n\t\t\t\t<div class=\"elementor-element elementor-element-5b704f5 elementor-widget elementor-widget-heading\" data-id=\"5b704f5\" data-element_type=\"widget\" data-e-type=\"widget\" data-widget_type=\"heading.default\">\n\t\t\t\t\t<h2 class=\"elementor-heading-title elementor-size-default\">Le specifiche tecniche dei Processori Core i9<\/h2>\t\t\t\t<\/div>\n\t\t\t\t<div class=\"elementor-element elementor-element-bbdc3a6 elementor-widget elementor-widget-text-editor\" data-id=\"bbdc3a6\" data-element_type=\"widget\" data-e-type=\"widget\" data-widget_type=\"text-editor.default\">\n\t\t\t\t\t\t\t\t\t<p>Secondo le specifiche tecniche trapelate nei giorni scorsi, che\u00a0<a href=\"https:\/\/www.tomshw.it\/hardware\/intel-core-i9-10900k-53-ghz-tdp-125-watt\/\" target=\"_blank\" rel=\"noopener\">v\u2019invitiamo a visionare in questo articolo<\/a>, il\u00a0<strong>Core i9-10900K funzioner\u00e0 a una frequenza\u00a0base di 3,7 GHz<\/strong>, ma potr\u00e0 spingersi fino a ben 5,2 GHz in single core grazie alla tecnologia Turbo Boost Max Technology 3.0 e a\u00a0<strong>ben 5,3 GHz tramite Intel Thermal Velocity Boost, sempre sul singolo core<\/strong>. Il Core i9-9900K ha invece una frequenza di base di 3,6 GHz, ma pu\u00f2 spingersi in single core fino a 5 GHz.<\/p><div id=\"C_1\" class=\"adunit desktop-inline\"><span style=\"font-size: 15px;\">Da rilevare un dettaglio interessante presente nella slide, relativo al TDP. <\/span><\/div><div>\u00a0<\/div><div class=\"adunit desktop-inline\"><span style=\"font-size: 15px;\">Come riportato nella precedente notizia, <\/span><strong style=\"font-size: 15px;\">il TDP del Core i9-10900K \u00e8 pari a 125 watt<\/strong><span style=\"font-size: 15px;\">\u00a0\u2013 un valore che dovrebbe essere stato rilevato a frequenza base -, ma\u00a0<\/span><strong style=\"font-size: 15px;\">\u00e8 indicato anche un secondo valore di 250 watt<\/strong><span style=\"font-size: 15px;\">. <\/span><\/div><div>\u00a0<\/div><div class=\"adunit desktop-inline\"><span style=\"font-size: 15px;\">Tale valore dovrebbe rappresentare il power state PL2 del chip, che si raggiunge con tutti i core a frequenza di boost. <\/span><\/div><div>\u00a0<\/div><div class=\"adunit desktop-inline\"><span style=\"font-size: 15px;\">Per riferimento il 9900K si ferma rispettiva a 95 \/ 210 watt.<\/span><\/div><p>Il quadro quindi che si va a comporre \u00e8 il seguente: prestazioni single-thread in leggero aumento a causa delle frequenze e \u2013 almeno per il top di gamma \u2013 casi di un netto incremento prestazionale.<\/p>\t\t\t\t\t\t\t\t<\/div>\n\t\t\t\t<div class=\"elementor-element elementor-element-6c664ea elementor-widget elementor-widget-heading\" data-id=\"6c664ea\" data-element_type=\"widget\" data-e-type=\"widget\" data-widget_type=\"heading.default\">\n\t\t\t\t\t<h2 class=\"elementor-heading-title elementor-size-default\">La concorenza dei nuovi processori INTEL con AMD<\/h2>\t\t\t\t<\/div>\n\t\t\t\t<div class=\"elementor-element elementor-element-58f82cf elementor-widget elementor-widget-text-editor\" data-id=\"58f82cf\" data-element_type=\"widget\" data-e-type=\"widget\" data-widget_type=\"text-editor.default\">\n\t\t\t\t\t\t\t\t\t<p>Il problema per Intel \u00e8 che l\u2019attuale gamma Ryzen 3000 sembrerebbe poter rimanere competitiva anche a fronte dei nuovi Core di decima generazione. Il tutto senza grandi accorgimenti da parte di AMD.<\/p><p>Se infatti la gamma mainstream di Intel si spinger\u00e0 con la famiglia Core i9 fino a 10 core e 20 thread, ricordiamo che il resto delle proposte guadagner\u00e0 l\u2019Hyper-Threading: i Core i3 offriranno 4 core e 8 thread, i Core i5 metteranno a disposizione 6 core e 12 thread e i Core i7 arriveranno a 8 core e 16 thread.<\/p><p>Le proposte di AMD arrivano invece fino a 16 core con il Ryzen 9 3950X, ma finora sono stati i chip a sei e otto core quelli pi\u00f9 indigesti a Intel. La casa di Santa Clara dovr\u00e0, a nostro giudizio, optare per prezzi pi\u00f9 aggressivi di quelli odierni se vorr\u00e0 controbattere nel 2020 a una AMD che secondo i vari indicatori sta guadagnando mese dopo mese quote di mercato in ambito desktop.<\/p><p>Fonte:\u00a0<a href=\"https:\/\/www.tomshw.it\/hardware\/amd-scheda-video-top-di-gamma-il-doppio-piu-veloce-della-rx-5700-xt\/\">https:\/\/www.tomshw.it\/hardware\/amd-scheda-video-top-di-gamma-il-doppio-piu-veloce-della-rx-5700-xt\/<\/a><\/p><p><a href=\"https:\/\/osatech.ch\/contatti\/\">Contattaci per maggiori informazioni<\/a><\/p>\t\t\t\t\t\t\t\t<\/div>\n\t\t\t\t\t<\/div>\n\t\t<\/div>\n\t\t\t\t\t<\/div>\n\t\t<\/section>\n\t\t\t\t<\/div>\n\t\t","protected":false},"excerpt":{"rendered":"<p>CPU I9 CORE 30% PI\u00d9 VELOCE. Una slide che parrebbe essere riconducibile a un documento interno di Intel ci offre una qualche idea delle possibili prestazioni del Core i9-10900K. Il nuovo top di gamma con\u00a010 core e 20 thread\u00a0che l\u2019azienda si appresta a introdurre nella prima met\u00e0 del 2020. La slide \u00e8 stata pubblicata dall\u2019utente [&hellip;]<\/p>\n","protected":false},"author":1,"featured_media":5537,"comment_status":"closed","ping_status":"closed","sticky":false,"template":"","format":"standard","meta":{"footnotes":""},"categories":[67],"tags":[],"class_list":["post-5531","post","type-post","status-publish","format-standard","has-post-thumbnail","hentry","category-informatica"],"yoast_head":"<!-- This site is optimized with the Yoast SEO plugin v27.0 - https:\/\/yoast.com\/product\/yoast-seo-wordpress\/ -->\n<title>CPU I9 CORE 30% PI\u00d9 VELOCE - Approfondimenti Osatech<\/title>\n<meta name=\"description\" content=\"CPU I9 CORE 30% PI\u00d9 VELOCE, nuovo top di gamma con 10 core e 20 thread che l\u2019azienda si appresta a introdurre nella prima met\u00e0 del 2020\" \/>\n<meta name=\"robots\" content=\"index, follow, max-snippet:-1, max-image-preview:large, max-video-preview:-1\" \/>\n<link rel=\"canonical\" href=\"https:\/\/osatech.ch\/it\/cpu-i9-core-30-piu-veloce\/\" \/>\n<meta property=\"og:locale\" content=\"it_IT\" \/>\n<meta property=\"og:type\" content=\"article\" \/>\n<meta property=\"og:title\" content=\"CPU I9 CORE 30% PI\u00d9 VELOCE - Approfondimenti Osatech\" \/>\n<meta property=\"og:description\" content=\"CPU I9 CORE 30% PI\u00d9 VELOCE, nuovo top di gamma con 10 core e 20 thread che l\u2019azienda si appresta a introdurre nella prima met\u00e0 del 2020\" \/>\n<meta property=\"og:url\" content=\"https:\/\/osatech.ch\/it\/cpu-i9-core-30-piu-veloce\/\" \/>\n<meta property=\"og:site_name\" content=\"Osatech\" \/>\n<meta property=\"article:publisher\" content=\"https:\/\/www.facebook.com\/Osatechgroup\/\" \/>\n<meta property=\"article:published_time\" content=\"2020-01-02T15:22:01+00:00\" \/>\n<meta property=\"article:modified_time\" content=\"2023-09-27T11:34:17+00:00\" \/>\n<meta property=\"og:image\" content=\"https:\/\/osatech.ch\/wp-content\/uploads\/processore_ix.jpg\" \/>\n\t<meta property=\"og:image:width\" content=\"1107\" \/>\n\t<meta property=\"og:image:height\" content=\"729\" \/>\n\t<meta property=\"og:image:type\" content=\"image\/jpeg\" \/>\n<meta name=\"author\" content=\"OsaTech\" \/>\n<meta name=\"twitter:card\" content=\"summary_large_image\" \/>\n<meta name=\"twitter:label1\" content=\"Scritto da\" \/>\n\t<meta name=\"twitter:data1\" content=\"OsaTech\" \/>\n\t<meta name=\"twitter:label2\" content=\"Tempo di lettura stimato\" \/>\n\t<meta name=\"twitter:data2\" content=\"3 minuti\" \/>\n<script type=\"application\/ld+json\" class=\"yoast-schema-graph\">{\"@context\":\"https:\/\/schema.org\",\"@graph\":[{\"@type\":\"Article\",\"@id\":\"https:\/\/osatech.ch\/it\/cpu-i9-core-30-piu-veloce\/#article\",\"isPartOf\":{\"@id\":\"https:\/\/osatech.ch\/it\/cpu-i9-core-30-piu-veloce\/\"},\"author\":{\"name\":\"OsaTech\",\"@id\":\"https:\/\/osatech.ch\/en\/#\/schema\/person\/1cb4946dfe57bf2ff58dd38f639e2d97\"},\"headline\":\"CPU I9 CORE 30% PI\u00d9 VELOCE\",\"datePublished\":\"2020-01-02T15:22:01+00:00\",\"dateModified\":\"2023-09-27T11:34:17+00:00\",\"mainEntityOfPage\":{\"@id\":\"https:\/\/osatech.ch\/it\/cpu-i9-core-30-piu-veloce\/\"},\"wordCount\":589,\"publisher\":{\"@id\":\"https:\/\/osatech.ch\/en\/#organization\"},\"image\":{\"@id\":\"https:\/\/osatech.ch\/it\/cpu-i9-core-30-piu-veloce\/#primaryimage\"},\"thumbnailUrl\":\"https:\/\/osatech.ch\/wp-content\/uploads\/processore_ix.jpg\",\"articleSection\":[\"Informatica\"],\"inLanguage\":\"it-IT\"},{\"@type\":\"WebPage\",\"@id\":\"https:\/\/osatech.ch\/it\/cpu-i9-core-30-piu-veloce\/\",\"url\":\"https:\/\/osatech.ch\/it\/cpu-i9-core-30-piu-veloce\/\",\"name\":\"CPU I9 CORE 30% PI\u00d9 VELOCE - Approfondimenti Osatech\",\"isPartOf\":{\"@id\":\"https:\/\/osatech.ch\/en\/#website\"},\"primaryImageOfPage\":{\"@id\":\"https:\/\/osatech.ch\/it\/cpu-i9-core-30-piu-veloce\/#primaryimage\"},\"image\":{\"@id\":\"https:\/\/osatech.ch\/it\/cpu-i9-core-30-piu-veloce\/#primaryimage\"},\"thumbnailUrl\":\"https:\/\/osatech.ch\/wp-content\/uploads\/processore_ix.jpg\",\"datePublished\":\"2020-01-02T15:22:01+00:00\",\"dateModified\":\"2023-09-27T11:34:17+00:00\",\"description\":\"CPU I9 CORE 30% PI\u00d9 VELOCE, nuovo top di gamma con 10 core e 20 thread che l\u2019azienda si appresta a introdurre nella prima met\u00e0 del 2020\",\"breadcrumb\":{\"@id\":\"https:\/\/osatech.ch\/it\/cpu-i9-core-30-piu-veloce\/#breadcrumb\"},\"inLanguage\":\"it-IT\",\"potentialAction\":[{\"@type\":\"ReadAction\",\"target\":[\"https:\/\/osatech.ch\/it\/cpu-i9-core-30-piu-veloce\/\"]}]},{\"@type\":\"ImageObject\",\"inLanguage\":\"it-IT\",\"@id\":\"https:\/\/osatech.ch\/it\/cpu-i9-core-30-piu-veloce\/#primaryimage\",\"url\":\"https:\/\/osatech.ch\/wp-content\/uploads\/processore_ix.jpg\",\"contentUrl\":\"https:\/\/osatech.ch\/wp-content\/uploads\/processore_ix.jpg\",\"width\":1107,\"height\":729,\"caption\":\"CPU I9 CORE 30% PI\u00d9 VELOCE\"},{\"@type\":\"BreadcrumbList\",\"@id\":\"https:\/\/osatech.ch\/it\/cpu-i9-core-30-piu-veloce\/#breadcrumb\",\"itemListElement\":[{\"@type\":\"ListItem\",\"position\":1,\"name\":\"Home\",\"item\":\"https:\/\/osatech.ch\/it\/\"},{\"@type\":\"ListItem\",\"position\":2,\"name\":\"CPU I9 CORE 30% PI\u00d9 VELOCE\"}]},{\"@type\":\"WebSite\",\"@id\":\"https:\/\/osatech.ch\/en\/#website\",\"url\":\"https:\/\/osatech.ch\/en\/\",\"name\":\"Osatech\",\"description\":\"Assistenza e Consulenza Informatica Ticino\",\"publisher\":{\"@id\":\"https:\/\/osatech.ch\/en\/#organization\"},\"potentialAction\":[{\"@type\":\"SearchAction\",\"target\":{\"@type\":\"EntryPoint\",\"urlTemplate\":\"https:\/\/osatech.ch\/en\/?s={search_term_string}\"},\"query-input\":{\"@type\":\"PropertyValueSpecification\",\"valueRequired\":true,\"valueName\":\"search_term_string\"}}],\"inLanguage\":\"it-IT\"},{\"@type\":\"Organization\",\"@id\":\"https:\/\/osatech.ch\/en\/#organization\",\"name\":\"Osatech Group SA\",\"url\":\"https:\/\/osatech.ch\/en\/\",\"logo\":{\"@type\":\"ImageObject\",\"inLanguage\":\"it-IT\",\"@id\":\"https:\/\/osatech.ch\/en\/#\/schema\/logo\/image\/\",\"url\":\"https:\/\/osatech.ch\/wp-content\/uploads\/logo-osa.webp\",\"contentUrl\":\"https:\/\/osatech.ch\/wp-content\/uploads\/logo-osa.webp\",\"width\":250,\"height\":43,\"caption\":\"Osatech Group SA\"},\"image\":{\"@id\":\"https:\/\/osatech.ch\/en\/#\/schema\/logo\/image\/\"},\"sameAs\":[\"https:\/\/www.facebook.com\/Osatechgroup\/\"]},{\"@type\":\"Person\",\"@id\":\"https:\/\/osatech.ch\/en\/#\/schema\/person\/1cb4946dfe57bf2ff58dd38f639e2d97\",\"name\":\"OsaTech\",\"image\":{\"@type\":\"ImageObject\",\"inLanguage\":\"it-IT\",\"@id\":\"https:\/\/osatech.ch\/en\/#\/schema\/person\/image\/\",\"url\":\"https:\/\/secure.gravatar.com\/avatar\/056551b3f200835c0ee678d297d0f14d914946ec67882d691bcd0edee019eee1?s=96&d=mm&r=g\",\"contentUrl\":\"https:\/\/secure.gravatar.com\/avatar\/056551b3f200835c0ee678d297d0f14d914946ec67882d691bcd0edee019eee1?s=96&d=mm&r=g\",\"caption\":\"OsaTech\"},\"description\":\"Fondata nel 1997 come azienda di consulenza informatica, negli anni Osatech ha acquisito alcune strategiche aziende e le ha integrate nel gruppo. Ad oggi, Osatech Group SA, \u00e8 una societ\u00e0 multi-servizi competente nei seguenti campi: automazione, comunicazione e pubblicit\u00e0, impianti, sicurezza e videosorveglianza, life-care.\",\"sameAs\":[\"https:\/\/osatech.ch\"]}]}<\/script>\n<!-- \/ Yoast SEO plugin. -->","yoast_head_json":{"title":"CPU I9 CORE 30% PI\u00d9 VELOCE - Approfondimenti Osatech","description":"CPU I9 CORE 30% PI\u00d9 VELOCE, nuovo top di gamma con 10 core e 20 thread che l\u2019azienda si appresta a introdurre nella prima met\u00e0 del 2020","robots":{"index":"index","follow":"follow","max-snippet":"max-snippet:-1","max-image-preview":"max-image-preview:large","max-video-preview":"max-video-preview:-1"},"canonical":"https:\/\/osatech.ch\/it\/cpu-i9-core-30-piu-veloce\/","og_locale":"it_IT","og_type":"article","og_title":"CPU I9 CORE 30% PI\u00d9 VELOCE - Approfondimenti Osatech","og_description":"CPU I9 CORE 30% PI\u00d9 VELOCE, nuovo top di gamma con 10 core e 20 thread che l\u2019azienda si appresta a introdurre nella prima met\u00e0 del 2020","og_url":"https:\/\/osatech.ch\/it\/cpu-i9-core-30-piu-veloce\/","og_site_name":"Osatech","article_publisher":"https:\/\/www.facebook.com\/Osatechgroup\/","article_published_time":"2020-01-02T15:22:01+00:00","article_modified_time":"2023-09-27T11:34:17+00:00","og_image":[{"width":1107,"height":729,"url":"https:\/\/osatech.ch\/wp-content\/uploads\/processore_ix.jpg","type":"image\/jpeg"}],"author":"OsaTech","twitter_card":"summary_large_image","twitter_misc":{"Scritto da":"OsaTech","Tempo di lettura stimato":"3 minuti"},"schema":{"@context":"https:\/\/schema.org","@graph":[{"@type":"Article","@id":"https:\/\/osatech.ch\/it\/cpu-i9-core-30-piu-veloce\/#article","isPartOf":{"@id":"https:\/\/osatech.ch\/it\/cpu-i9-core-30-piu-veloce\/"},"author":{"name":"OsaTech","@id":"https:\/\/osatech.ch\/en\/#\/schema\/person\/1cb4946dfe57bf2ff58dd38f639e2d97"},"headline":"CPU I9 CORE 30% PI\u00d9 VELOCE","datePublished":"2020-01-02T15:22:01+00:00","dateModified":"2023-09-27T11:34:17+00:00","mainEntityOfPage":{"@id":"https:\/\/osatech.ch\/it\/cpu-i9-core-30-piu-veloce\/"},"wordCount":589,"publisher":{"@id":"https:\/\/osatech.ch\/en\/#organization"},"image":{"@id":"https:\/\/osatech.ch\/it\/cpu-i9-core-30-piu-veloce\/#primaryimage"},"thumbnailUrl":"https:\/\/osatech.ch\/wp-content\/uploads\/processore_ix.jpg","articleSection":["Informatica"],"inLanguage":"it-IT"},{"@type":"WebPage","@id":"https:\/\/osatech.ch\/it\/cpu-i9-core-30-piu-veloce\/","url":"https:\/\/osatech.ch\/it\/cpu-i9-core-30-piu-veloce\/","name":"CPU I9 CORE 30% PI\u00d9 VELOCE - Approfondimenti Osatech","isPartOf":{"@id":"https:\/\/osatech.ch\/en\/#website"},"primaryImageOfPage":{"@id":"https:\/\/osatech.ch\/it\/cpu-i9-core-30-piu-veloce\/#primaryimage"},"image":{"@id":"https:\/\/osatech.ch\/it\/cpu-i9-core-30-piu-veloce\/#primaryimage"},"thumbnailUrl":"https:\/\/osatech.ch\/wp-content\/uploads\/processore_ix.jpg","datePublished":"2020-01-02T15:22:01+00:00","dateModified":"2023-09-27T11:34:17+00:00","description":"CPU I9 CORE 30% PI\u00d9 VELOCE, nuovo top di gamma con 10 core e 20 thread che l\u2019azienda si appresta a introdurre nella prima met\u00e0 del 2020","breadcrumb":{"@id":"https:\/\/osatech.ch\/it\/cpu-i9-core-30-piu-veloce\/#breadcrumb"},"inLanguage":"it-IT","potentialAction":[{"@type":"ReadAction","target":["https:\/\/osatech.ch\/it\/cpu-i9-core-30-piu-veloce\/"]}]},{"@type":"ImageObject","inLanguage":"it-IT","@id":"https:\/\/osatech.ch\/it\/cpu-i9-core-30-piu-veloce\/#primaryimage","url":"https:\/\/osatech.ch\/wp-content\/uploads\/processore_ix.jpg","contentUrl":"https:\/\/osatech.ch\/wp-content\/uploads\/processore_ix.jpg","width":1107,"height":729,"caption":"CPU I9 CORE 30% PI\u00d9 VELOCE"},{"@type":"BreadcrumbList","@id":"https:\/\/osatech.ch\/it\/cpu-i9-core-30-piu-veloce\/#breadcrumb","itemListElement":[{"@type":"ListItem","position":1,"name":"Home","item":"https:\/\/osatech.ch\/it\/"},{"@type":"ListItem","position":2,"name":"CPU I9 CORE 30% PI\u00d9 VELOCE"}]},{"@type":"WebSite","@id":"https:\/\/osatech.ch\/en\/#website","url":"https:\/\/osatech.ch\/en\/","name":"Osatech","description":"Assistenza e Consulenza Informatica Ticino","publisher":{"@id":"https:\/\/osatech.ch\/en\/#organization"},"potentialAction":[{"@type":"SearchAction","target":{"@type":"EntryPoint","urlTemplate":"https:\/\/osatech.ch\/en\/?s={search_term_string}"},"query-input":{"@type":"PropertyValueSpecification","valueRequired":true,"valueName":"search_term_string"}}],"inLanguage":"it-IT"},{"@type":"Organization","@id":"https:\/\/osatech.ch\/en\/#organization","name":"Osatech Group SA","url":"https:\/\/osatech.ch\/en\/","logo":{"@type":"ImageObject","inLanguage":"it-IT","@id":"https:\/\/osatech.ch\/en\/#\/schema\/logo\/image\/","url":"https:\/\/osatech.ch\/wp-content\/uploads\/logo-osa.webp","contentUrl":"https:\/\/osatech.ch\/wp-content\/uploads\/logo-osa.webp","width":250,"height":43,"caption":"Osatech Group SA"},"image":{"@id":"https:\/\/osatech.ch\/en\/#\/schema\/logo\/image\/"},"sameAs":["https:\/\/www.facebook.com\/Osatechgroup\/"]},{"@type":"Person","@id":"https:\/\/osatech.ch\/en\/#\/schema\/person\/1cb4946dfe57bf2ff58dd38f639e2d97","name":"OsaTech","image":{"@type":"ImageObject","inLanguage":"it-IT","@id":"https:\/\/osatech.ch\/en\/#\/schema\/person\/image\/","url":"https:\/\/secure.gravatar.com\/avatar\/056551b3f200835c0ee678d297d0f14d914946ec67882d691bcd0edee019eee1?s=96&d=mm&r=g","contentUrl":"https:\/\/secure.gravatar.com\/avatar\/056551b3f200835c0ee678d297d0f14d914946ec67882d691bcd0edee019eee1?s=96&d=mm&r=g","caption":"OsaTech"},"description":"Fondata nel 1997 come azienda di consulenza informatica, negli anni Osatech ha acquisito alcune strategiche aziende e le ha integrate nel gruppo. Ad oggi, Osatech Group SA, \u00e8 una societ\u00e0 multi-servizi competente nei seguenti campi: automazione, comunicazione e pubblicit\u00e0, impianti, sicurezza e videosorveglianza, life-care.","sameAs":["https:\/\/osatech.ch"]}]}},"_links":{"self":[{"href":"https:\/\/osatech.ch\/it\/wp-json\/wp\/v2\/posts\/5531","targetHints":{"allow":["GET"]}}],"collection":[{"href":"https:\/\/osatech.ch\/it\/wp-json\/wp\/v2\/posts"}],"about":[{"href":"https:\/\/osatech.ch\/it\/wp-json\/wp\/v2\/types\/post"}],"author":[{"embeddable":true,"href":"https:\/\/osatech.ch\/it\/wp-json\/wp\/v2\/users\/1"}],"replies":[{"embeddable":true,"href":"https:\/\/osatech.ch\/it\/wp-json\/wp\/v2\/comments?post=5531"}],"version-history":[{"count":17,"href":"https:\/\/osatech.ch\/it\/wp-json\/wp\/v2\/posts\/5531\/revisions"}],"predecessor-version":[{"id":36286,"href":"https:\/\/osatech.ch\/it\/wp-json\/wp\/v2\/posts\/5531\/revisions\/36286"}],"wp:featuredmedia":[{"embeddable":true,"href":"https:\/\/osatech.ch\/it\/wp-json\/wp\/v2\/media\/5537"}],"wp:attachment":[{"href":"https:\/\/osatech.ch\/it\/wp-json\/wp\/v2\/media?parent=5531"}],"wp:term":[{"taxonomy":"category","embeddable":true,"href":"https:\/\/osatech.ch\/it\/wp-json\/wp\/v2\/categories?post=5531"},{"taxonomy":"post_tag","embeddable":true,"href":"https:\/\/osatech.ch\/it\/wp-json\/wp\/v2\/tags?post=5531"}],"curies":[{"name":"wp","href":"https:\/\/api.w.org\/{rel}","templated":true}]}}