{"id":5342,"date":"2019-12-30T13:39:09","date_gmt":"2019-12-30T12:39:09","guid":{"rendered":"https:\/\/osatech.ch\/?p=5342"},"modified":"2023-09-27T13:16:26","modified_gmt":"2023-09-27T11:16:26","slug":"whatsapp-dispositivi-out-dal-01-01-2020","status":"publish","type":"post","link":"https:\/\/osatech.ch\/it\/whatsapp-dispositivi-out-dal-01-01-2020\/","title":{"rendered":"WHATSAPP: DISPOSITIVI OUT DAL 01.01.2020"},"content":{"rendered":"\t\t<div data-elementor-type=\"wp-post\" data-elementor-id=\"5342\" class=\"elementor elementor-5342\" data-elementor-post-type=\"post\">\n\t\t\t\t\t\t<section class=\"elementor-section elementor-top-section elementor-element elementor-element-81e6d63 elementor-section-boxed elementor-section-height-default elementor-section-height-default\" data-id=\"81e6d63\" data-element_type=\"section\" data-e-type=\"section\">\n\t\t\t\t\t\t<div class=\"elementor-container elementor-column-gap-default\">\n\t\t\t\t\t<div class=\"elementor-column elementor-col-100 elementor-top-column elementor-element elementor-element-e7e98e9\" data-id=\"e7e98e9\" data-element_type=\"column\" data-e-type=\"column\">\n\t\t\t<div class=\"elementor-widget-wrap elementor-element-populated\">\n\t\t\t\t\t\t<div class=\"elementor-element elementor-element-bbdc3a6 elementor-widget elementor-widget-text-editor\" data-id=\"bbdc3a6\" data-element_type=\"widget\" data-e-type=\"widget\" data-widget_type=\"text-editor.default\">\n\t\t\t\t\t\t\t\t\t<p>WHATSAPP: DISPOSITIVI OUT DAL 01.01.2020. Whatsapp dice addio a milioni di smartphone dall&#8217;anno nuovo. Il noto servizio di messaggistica istantaneo non funzioner\u00e0 pi\u00f9 su alcuni telefoni. Dalle 23:59 di domani marted\u00ec 31 Dicembre l&#8217;app non sar\u00e0 attiva su tutti i dispositivi che ricorrono al sistema operativo Windows Phone, come ricorda anche il tabloid Mirror. Una sorte che poi toccher\u00e0 anche ad altri OS. Dal 1 Febbraio 2020, infatti, Whatsapp non sar\u00e0 pi\u00f9 compatibile con gli smartphone su cui sono installati Android 2.3.7 ed iOS 7 e successive.<\/p><p>Una decisione che Whatsapp di Facebook ha motivato sottolineando che \u00abintendiamo concentrare i nostri sforzi sulle piattaforme mobili che usa la stragrande maggioranza delle persone. Sebbene questi dispositivi mobili siano stati una parte importante della nostra storia, non offrono il tipo di funzionalit\u00e0 di cui abbiamo bisogno per espandere le funzionalit\u00e0 della nostra app in futuro. \u00c8 stata una decisione difficile da prendere, ma \u00e8 quella giusta per offrire alle persone i modi migliori per comunicare con amici, familiari e persone care\u00bb.<\/p><p>La svolta, dunque, sarebbe dettata proprio dalla necessit\u00e0 di migliorare il servizio e di farlo evolvere. E proprio in questa direzione sono orientate le novit\u00e0 dell&#8217;anno nuovo. Whatsapp ha in serbo nuove funzioni per i propri utenti, tra cui la modalit\u00e0 scura e i messaggi che si distruggono automaticamente. La possibilit\u00e0 di averlo con colori scuri sarebbe tangibile, ma bisogna attendere nuove notizie in merito per esserne sicuri. Si tratta della piattaforma di messaggistica istantanea pi\u00f9 utilizzata al mondo e sono sempre pi\u00f9 poche le persone disposte a rinunciarci.<\/p>\t\t\t\t\t\t\t\t<\/div>\n\t\t\t\t<div class=\"elementor-element elementor-element-315d25d elementor-widget elementor-widget-heading\" data-id=\"315d25d\" data-element_type=\"widget\" data-e-type=\"widget\" data-widget_type=\"heading.default\">\n\t\t\t\t\t<h2 class=\"elementor-heading-title elementor-size-default\">Come fare se il proprio smartphone non \u00e8 pi\u00f9 compatibile.<\/h2>\t\t\t\t<\/div>\n\t\t\t\t<div class=\"elementor-element elementor-element-ce5f078 elementor-widget elementor-widget-text-editor\" data-id=\"ce5f078\" data-element_type=\"widget\" data-e-type=\"widget\" data-widget_type=\"text-editor.default\">\n\t\t\t\t\t\t\t\t\t<p>Chiunque sia in possesso di smartphone che utilizzano i sistemi operativi sopra citati dovr\u00e0 acquistare un nuovo telefono per continuare a utilizzare Whatsapp, che continuer\u00e0 a girare su KaiOS 2.5.1 e precedenti. Il corretto funzionamento di WhatsApp su Windows Phone, in realt\u00e0, non \u00e8 pi\u00f9 garantito almeno da luglio scorso. Il servizio ha continuato a funzionare in questa ultima parte del 2019, ma tutto cambia dal prossimo 1 gennaio. Chi volesse esportare e salvare le proprie chat dovrebbe approfittare di queste ultime ore.<\/p><p>Fonte:\u00a0<a href=\"https:\/\/www.leggo.it\/tecnologia\/whatsapp\/whatsapp_eliminato_smartphone_da_domani_quali_modelli_ultime_notizie_30_dicembre_2019-4953983.html\">https:\/\/www.leggo.it\/tecnologia\/whatsapp\/whatsapp_eliminato_smartphone_da_domani_quali_modelli_ultime_notizie_30_dicembre_2019-4953983.html<\/a><\/p><p><a href=\"https:\/\/osatech.ch\/contatti\/\">Contattaci per ulteriori info<\/a><\/p>\t\t\t\t\t\t\t\t<\/div>\n\t\t\t\t\t<\/div>\n\t\t<\/div>\n\t\t\t\t\t<\/div>\n\t\t<\/section>\n\t\t\t\t<section class=\"elementor-section elementor-top-section elementor-element elementor-element-905c91e elementor-section-boxed elementor-section-height-default elementor-section-height-default\" data-id=\"905c91e\" data-element_type=\"section\" data-e-type=\"section\">\n\t\t\t\t\t\t<div class=\"elementor-container elementor-column-gap-default\">\n\t\t\t\t\t<div class=\"elementor-column elementor-col-16 elementor-top-column elementor-element elementor-element-76cdd9f\" data-id=\"76cdd9f\" data-element_type=\"column\" data-e-type=\"column\">\n\t\t\t<div class=\"elementor-widget-wrap\">\n\t\t\t\t\t\t\t<\/div>\n\t\t<\/div>\n\t\t\t\t<div class=\"elementor-column elementor-col-16 elementor-top-column elementor-element elementor-element-8964b16\" data-id=\"8964b16\" data-element_type=\"column\" data-e-type=\"column\">\n\t\t\t<div class=\"elementor-widget-wrap\">\n\t\t\t\t\t\t\t<\/div>\n\t\t<\/div>\n\t\t\t\t<div class=\"elementor-column elementor-col-16 elementor-top-column elementor-element elementor-element-5917bd4\" data-id=\"5917bd4\" data-element_type=\"column\" data-e-type=\"column\">\n\t\t\t<div class=\"elementor-widget-wrap\">\n\t\t\t\t\t\t\t<\/div>\n\t\t<\/div>\n\t\t\t\t<div class=\"elementor-column elementor-col-16 elementor-top-column elementor-element elementor-element-e22dde6\" data-id=\"e22dde6\" data-element_type=\"column\" data-e-type=\"column\">\n\t\t\t<div class=\"elementor-widget-wrap\">\n\t\t\t\t\t\t\t<\/div>\n\t\t<\/div>\n\t\t\t\t<div class=\"elementor-column elementor-col-16 elementor-top-column elementor-element elementor-element-b043b61\" data-id=\"b043b61\" data-element_type=\"column\" data-e-type=\"column\">\n\t\t\t<div class=\"elementor-widget-wrap\">\n\t\t\t\t\t\t\t<\/div>\n\t\t<\/div>\n\t\t\t\t<div class=\"elementor-column elementor-col-16 elementor-top-column elementor-element elementor-element-d7639f0\" data-id=\"d7639f0\" data-element_type=\"column\" data-e-type=\"column\">\n\t\t\t<div class=\"elementor-widget-wrap elementor-element-populated\">\n\t\t\t\t\t\t<div class=\"elementor-element elementor-element-177c346 elementor-button-info elementor-align-right elementor-widget elementor-widget-button\" data-id=\"177c346\" data-element_type=\"widget\" data-e-type=\"widget\" data-widget_type=\"button.default\">\n\t\t\t\t\t\t\t\t\t\t<a class=\"elementor-button elementor-button-link elementor-size-xs\" href=\"https:\/\/www.leggo.it\/tecnologia\/whatsapp\/whatsapp_eliminato_smartphone_da_domani_quali_modelli_ultime_notizie_30_dicembre_2019-4953983.html\">\n\t\t\t\t\t\t<span class=\"elementor-button-content-wrapper\">\n\t\t\t\t\t\t\t\t\t<span class=\"elementor-button-text\">fonte<\/span>\n\t\t\t\t\t<\/span>\n\t\t\t\t\t<\/a>\n\t\t\t\t\t\t\t\t<\/div>\n\t\t\t\t\t<\/div>\n\t\t<\/div>\n\t\t\t\t\t<\/div>\n\t\t<\/section>\n\t\t\t\t<\/div>\n\t\t","protected":false},"excerpt":{"rendered":"<p>WHATSAPP: DISPOSITIVI OUT DAL 01.01.2020. Whatsapp dice addio a milioni di smartphone dall&#8217;anno nuovo. Il noto servizio di messaggistica istantaneo non funzioner\u00e0 pi\u00f9 su alcuni telefoni. Dalle 23:59 di domani marted\u00ec 31 Dicembre l&#8217;app non sar\u00e0 attiva su tutti i dispositivi che ricorrono al sistema operativo Windows Phone, come ricorda anche il tabloid Mirror. Una [&hellip;]<\/p>\n","protected":false},"author":1,"featured_media":5343,"comment_status":"closed","ping_status":"closed","sticky":false,"template":"","format":"standard","meta":{"footnotes":""},"categories":[67],"tags":[],"class_list":["post-5342","post","type-post","status-publish","format-standard","has-post-thumbnail","hentry","category-informatica"],"yoast_head":"<!-- This site is optimized with the Yoast SEO plugin v27.0 - https:\/\/yoast.com\/product\/yoast-seo-wordpress\/ -->\n<title>WHATSAPP: DISPOSITIVI OUT DAL 01.01.2020 - Osatech<\/title>\n<meta name=\"description\" content=\"WHATSAPP: DISPOSITIVI OUT. Whatsapp dice addio a milioni di smartphone. Il noto servizio di messaggistica non funzioner\u00e0 pi\u00f9 su alcuni telefoni.\" \/>\n<meta name=\"robots\" content=\"index, follow, max-snippet:-1, max-image-preview:large, max-video-preview:-1\" \/>\n<link rel=\"canonical\" href=\"https:\/\/osatech.ch\/it\/whatsapp-dispositivi-out-dal-01-01-2020\/\" \/>\n<meta property=\"og:locale\" content=\"it_IT\" \/>\n<meta property=\"og:type\" content=\"article\" \/>\n<meta property=\"og:title\" content=\"WHATSAPP: DISPOSITIVI OUT DAL 01.01.2020 - Osatech\" \/>\n<meta property=\"og:description\" content=\"WHATSAPP: DISPOSITIVI OUT. Whatsapp dice addio a milioni di smartphone. Il noto servizio di messaggistica non funzioner\u00e0 pi\u00f9 su alcuni telefoni.\" \/>\n<meta property=\"og:url\" content=\"https:\/\/osatech.ch\/it\/whatsapp-dispositivi-out-dal-01-01-2020\/\" \/>\n<meta property=\"og:site_name\" content=\"Osatech\" \/>\n<meta property=\"article:publisher\" content=\"https:\/\/www.facebook.com\/Osatechgroup\/\" \/>\n<meta property=\"article:published_time\" content=\"2019-12-30T12:39:09+00:00\" \/>\n<meta property=\"article:modified_time\" content=\"2023-09-27T11:16:26+00:00\" \/>\n<meta property=\"og:image\" content=\"https:\/\/osatech.ch\/wp-content\/uploads\/whatsapp_down.jpg\" \/>\n\t<meta property=\"og:image:width\" content=\"500\" \/>\n\t<meta property=\"og:image:height\" content=\"500\" \/>\n\t<meta property=\"og:image:type\" content=\"image\/jpeg\" \/>\n<meta name=\"author\" content=\"OsaTech\" \/>\n<meta name=\"twitter:card\" content=\"summary_large_image\" \/>\n<meta name=\"twitter:label1\" content=\"Scritto da\" \/>\n\t<meta name=\"twitter:data1\" content=\"OsaTech\" \/>\n\t<meta name=\"twitter:label2\" content=\"Tempo di lettura stimato\" \/>\n\t<meta name=\"twitter:data2\" content=\"2 minuti\" \/>\n<script type=\"application\/ld+json\" class=\"yoast-schema-graph\">{\"@context\":\"https:\/\/schema.org\",\"@graph\":[{\"@type\":\"Article\",\"@id\":\"https:\/\/osatech.ch\/it\/whatsapp-dispositivi-out-dal-01-01-2020\/#article\",\"isPartOf\":{\"@id\":\"https:\/\/osatech.ch\/it\/whatsapp-dispositivi-out-dal-01-01-2020\/\"},\"author\":{\"name\":\"OsaTech\",\"@id\":\"https:\/\/osatech.ch\/en\/#\/schema\/person\/1cb4946dfe57bf2ff58dd38f639e2d97\"},\"headline\":\"WHATSAPP: DISPOSITIVI OUT DAL 01.01.2020\",\"datePublished\":\"2019-12-30T12:39:09+00:00\",\"dateModified\":\"2023-09-27T11:16:26+00:00\",\"mainEntityOfPage\":{\"@id\":\"https:\/\/osatech.ch\/it\/whatsapp-dispositivi-out-dal-01-01-2020\/\"},\"wordCount\":368,\"publisher\":{\"@id\":\"https:\/\/osatech.ch\/en\/#organization\"},\"image\":{\"@id\":\"https:\/\/osatech.ch\/it\/whatsapp-dispositivi-out-dal-01-01-2020\/#primaryimage\"},\"thumbnailUrl\":\"https:\/\/osatech.ch\/wp-content\/uploads\/whatsapp_down.jpg\",\"articleSection\":[\"Informatica\"],\"inLanguage\":\"it-IT\"},{\"@type\":\"WebPage\",\"@id\":\"https:\/\/osatech.ch\/it\/whatsapp-dispositivi-out-dal-01-01-2020\/\",\"url\":\"https:\/\/osatech.ch\/it\/whatsapp-dispositivi-out-dal-01-01-2020\/\",\"name\":\"WHATSAPP: DISPOSITIVI OUT DAL 01.01.2020 - Osatech\",\"isPartOf\":{\"@id\":\"https:\/\/osatech.ch\/en\/#website\"},\"primaryImageOfPage\":{\"@id\":\"https:\/\/osatech.ch\/it\/whatsapp-dispositivi-out-dal-01-01-2020\/#primaryimage\"},\"image\":{\"@id\":\"https:\/\/osatech.ch\/it\/whatsapp-dispositivi-out-dal-01-01-2020\/#primaryimage\"},\"thumbnailUrl\":\"https:\/\/osatech.ch\/wp-content\/uploads\/whatsapp_down.jpg\",\"datePublished\":\"2019-12-30T12:39:09+00:00\",\"dateModified\":\"2023-09-27T11:16:26+00:00\",\"description\":\"WHATSAPP: DISPOSITIVI OUT. Whatsapp dice addio a milioni di smartphone. Il noto servizio di messaggistica non funzioner\u00e0 pi\u00f9 su alcuni telefoni.\",\"breadcrumb\":{\"@id\":\"https:\/\/osatech.ch\/it\/whatsapp-dispositivi-out-dal-01-01-2020\/#breadcrumb\"},\"inLanguage\":\"it-IT\",\"potentialAction\":[{\"@type\":\"ReadAction\",\"target\":[\"https:\/\/osatech.ch\/it\/whatsapp-dispositivi-out-dal-01-01-2020\/\"]}]},{\"@type\":\"ImageObject\",\"inLanguage\":\"it-IT\",\"@id\":\"https:\/\/osatech.ch\/it\/whatsapp-dispositivi-out-dal-01-01-2020\/#primaryimage\",\"url\":\"https:\/\/osatech.ch\/wp-content\/uploads\/whatsapp_down.jpg\",\"contentUrl\":\"https:\/\/osatech.ch\/wp-content\/uploads\/whatsapp_down.jpg\",\"width\":500,\"height\":500,\"caption\":\"WHATSAPP: DISPOSITIVI OUT\"},{\"@type\":\"BreadcrumbList\",\"@id\":\"https:\/\/osatech.ch\/it\/whatsapp-dispositivi-out-dal-01-01-2020\/#breadcrumb\",\"itemListElement\":[{\"@type\":\"ListItem\",\"position\":1,\"name\":\"Home\",\"item\":\"https:\/\/osatech.ch\/it\/\"},{\"@type\":\"ListItem\",\"position\":2,\"name\":\"WHATSAPP: DISPOSITIVI OUT DAL 01.01.2020\"}]},{\"@type\":\"WebSite\",\"@id\":\"https:\/\/osatech.ch\/en\/#website\",\"url\":\"https:\/\/osatech.ch\/en\/\",\"name\":\"Osatech\",\"description\":\"Assistenza e Consulenza Informatica Ticino\",\"publisher\":{\"@id\":\"https:\/\/osatech.ch\/en\/#organization\"},\"potentialAction\":[{\"@type\":\"SearchAction\",\"target\":{\"@type\":\"EntryPoint\",\"urlTemplate\":\"https:\/\/osatech.ch\/en\/?s={search_term_string}\"},\"query-input\":{\"@type\":\"PropertyValueSpecification\",\"valueRequired\":true,\"valueName\":\"search_term_string\"}}],\"inLanguage\":\"it-IT\"},{\"@type\":\"Organization\",\"@id\":\"https:\/\/osatech.ch\/en\/#organization\",\"name\":\"Osatech Group SA\",\"url\":\"https:\/\/osatech.ch\/en\/\",\"logo\":{\"@type\":\"ImageObject\",\"inLanguage\":\"it-IT\",\"@id\":\"https:\/\/osatech.ch\/en\/#\/schema\/logo\/image\/\",\"url\":\"https:\/\/osatech.ch\/wp-content\/uploads\/logo-osa.webp\",\"contentUrl\":\"https:\/\/osatech.ch\/wp-content\/uploads\/logo-osa.webp\",\"width\":250,\"height\":43,\"caption\":\"Osatech Group SA\"},\"image\":{\"@id\":\"https:\/\/osatech.ch\/en\/#\/schema\/logo\/image\/\"},\"sameAs\":[\"https:\/\/www.facebook.com\/Osatechgroup\/\"]},{\"@type\":\"Person\",\"@id\":\"https:\/\/osatech.ch\/en\/#\/schema\/person\/1cb4946dfe57bf2ff58dd38f639e2d97\",\"name\":\"OsaTech\",\"image\":{\"@type\":\"ImageObject\",\"inLanguage\":\"it-IT\",\"@id\":\"https:\/\/osatech.ch\/en\/#\/schema\/person\/image\/\",\"url\":\"https:\/\/secure.gravatar.com\/avatar\/056551b3f200835c0ee678d297d0f14d914946ec67882d691bcd0edee019eee1?s=96&d=mm&r=g\",\"contentUrl\":\"https:\/\/secure.gravatar.com\/avatar\/056551b3f200835c0ee678d297d0f14d914946ec67882d691bcd0edee019eee1?s=96&d=mm&r=g\",\"caption\":\"OsaTech\"},\"description\":\"Fondata nel 1997 come azienda di consulenza informatica, negli anni Osatech ha acquisito alcune strategiche aziende e le ha integrate nel gruppo. Ad oggi, Osatech Group SA, \u00e8 una societ\u00e0 multi-servizi competente nei seguenti campi: automazione, comunicazione e pubblicit\u00e0, impianti, sicurezza e videosorveglianza, life-care.\",\"sameAs\":[\"https:\/\/osatech.ch\"]}]}<\/script>\n<!-- \/ Yoast SEO plugin. -->","yoast_head_json":{"title":"WHATSAPP: DISPOSITIVI OUT DAL 01.01.2020 - Osatech","description":"WHATSAPP: DISPOSITIVI OUT. Whatsapp dice addio a milioni di smartphone. Il noto servizio di messaggistica non funzioner\u00e0 pi\u00f9 su alcuni telefoni.","robots":{"index":"index","follow":"follow","max-snippet":"max-snippet:-1","max-image-preview":"max-image-preview:large","max-video-preview":"max-video-preview:-1"},"canonical":"https:\/\/osatech.ch\/it\/whatsapp-dispositivi-out-dal-01-01-2020\/","og_locale":"it_IT","og_type":"article","og_title":"WHATSAPP: DISPOSITIVI OUT DAL 01.01.2020 - Osatech","og_description":"WHATSAPP: DISPOSITIVI OUT. Whatsapp dice addio a milioni di smartphone. Il noto servizio di messaggistica non funzioner\u00e0 pi\u00f9 su alcuni telefoni.","og_url":"https:\/\/osatech.ch\/it\/whatsapp-dispositivi-out-dal-01-01-2020\/","og_site_name":"Osatech","article_publisher":"https:\/\/www.facebook.com\/Osatechgroup\/","article_published_time":"2019-12-30T12:39:09+00:00","article_modified_time":"2023-09-27T11:16:26+00:00","og_image":[{"width":500,"height":500,"url":"https:\/\/osatech.ch\/wp-content\/uploads\/whatsapp_down.jpg","type":"image\/jpeg"}],"author":"OsaTech","twitter_card":"summary_large_image","twitter_misc":{"Scritto da":"OsaTech","Tempo di lettura stimato":"2 minuti"},"schema":{"@context":"https:\/\/schema.org","@graph":[{"@type":"Article","@id":"https:\/\/osatech.ch\/it\/whatsapp-dispositivi-out-dal-01-01-2020\/#article","isPartOf":{"@id":"https:\/\/osatech.ch\/it\/whatsapp-dispositivi-out-dal-01-01-2020\/"},"author":{"name":"OsaTech","@id":"https:\/\/osatech.ch\/en\/#\/schema\/person\/1cb4946dfe57bf2ff58dd38f639e2d97"},"headline":"WHATSAPP: DISPOSITIVI OUT DAL 01.01.2020","datePublished":"2019-12-30T12:39:09+00:00","dateModified":"2023-09-27T11:16:26+00:00","mainEntityOfPage":{"@id":"https:\/\/osatech.ch\/it\/whatsapp-dispositivi-out-dal-01-01-2020\/"},"wordCount":368,"publisher":{"@id":"https:\/\/osatech.ch\/en\/#organization"},"image":{"@id":"https:\/\/osatech.ch\/it\/whatsapp-dispositivi-out-dal-01-01-2020\/#primaryimage"},"thumbnailUrl":"https:\/\/osatech.ch\/wp-content\/uploads\/whatsapp_down.jpg","articleSection":["Informatica"],"inLanguage":"it-IT"},{"@type":"WebPage","@id":"https:\/\/osatech.ch\/it\/whatsapp-dispositivi-out-dal-01-01-2020\/","url":"https:\/\/osatech.ch\/it\/whatsapp-dispositivi-out-dal-01-01-2020\/","name":"WHATSAPP: DISPOSITIVI OUT DAL 01.01.2020 - Osatech","isPartOf":{"@id":"https:\/\/osatech.ch\/en\/#website"},"primaryImageOfPage":{"@id":"https:\/\/osatech.ch\/it\/whatsapp-dispositivi-out-dal-01-01-2020\/#primaryimage"},"image":{"@id":"https:\/\/osatech.ch\/it\/whatsapp-dispositivi-out-dal-01-01-2020\/#primaryimage"},"thumbnailUrl":"https:\/\/osatech.ch\/wp-content\/uploads\/whatsapp_down.jpg","datePublished":"2019-12-30T12:39:09+00:00","dateModified":"2023-09-27T11:16:26+00:00","description":"WHATSAPP: DISPOSITIVI OUT. Whatsapp dice addio a milioni di smartphone. Il noto servizio di messaggistica non funzioner\u00e0 pi\u00f9 su alcuni telefoni.","breadcrumb":{"@id":"https:\/\/osatech.ch\/it\/whatsapp-dispositivi-out-dal-01-01-2020\/#breadcrumb"},"inLanguage":"it-IT","potentialAction":[{"@type":"ReadAction","target":["https:\/\/osatech.ch\/it\/whatsapp-dispositivi-out-dal-01-01-2020\/"]}]},{"@type":"ImageObject","inLanguage":"it-IT","@id":"https:\/\/osatech.ch\/it\/whatsapp-dispositivi-out-dal-01-01-2020\/#primaryimage","url":"https:\/\/osatech.ch\/wp-content\/uploads\/whatsapp_down.jpg","contentUrl":"https:\/\/osatech.ch\/wp-content\/uploads\/whatsapp_down.jpg","width":500,"height":500,"caption":"WHATSAPP: DISPOSITIVI OUT"},{"@type":"BreadcrumbList","@id":"https:\/\/osatech.ch\/it\/whatsapp-dispositivi-out-dal-01-01-2020\/#breadcrumb","itemListElement":[{"@type":"ListItem","position":1,"name":"Home","item":"https:\/\/osatech.ch\/it\/"},{"@type":"ListItem","position":2,"name":"WHATSAPP: DISPOSITIVI OUT DAL 01.01.2020"}]},{"@type":"WebSite","@id":"https:\/\/osatech.ch\/en\/#website","url":"https:\/\/osatech.ch\/en\/","name":"Osatech","description":"Assistenza e Consulenza Informatica Ticino","publisher":{"@id":"https:\/\/osatech.ch\/en\/#organization"},"potentialAction":[{"@type":"SearchAction","target":{"@type":"EntryPoint","urlTemplate":"https:\/\/osatech.ch\/en\/?s={search_term_string}"},"query-input":{"@type":"PropertyValueSpecification","valueRequired":true,"valueName":"search_term_string"}}],"inLanguage":"it-IT"},{"@type":"Organization","@id":"https:\/\/osatech.ch\/en\/#organization","name":"Osatech Group SA","url":"https:\/\/osatech.ch\/en\/","logo":{"@type":"ImageObject","inLanguage":"it-IT","@id":"https:\/\/osatech.ch\/en\/#\/schema\/logo\/image\/","url":"https:\/\/osatech.ch\/wp-content\/uploads\/logo-osa.webp","contentUrl":"https:\/\/osatech.ch\/wp-content\/uploads\/logo-osa.webp","width":250,"height":43,"caption":"Osatech Group SA"},"image":{"@id":"https:\/\/osatech.ch\/en\/#\/schema\/logo\/image\/"},"sameAs":["https:\/\/www.facebook.com\/Osatechgroup\/"]},{"@type":"Person","@id":"https:\/\/osatech.ch\/en\/#\/schema\/person\/1cb4946dfe57bf2ff58dd38f639e2d97","name":"OsaTech","image":{"@type":"ImageObject","inLanguage":"it-IT","@id":"https:\/\/osatech.ch\/en\/#\/schema\/person\/image\/","url":"https:\/\/secure.gravatar.com\/avatar\/056551b3f200835c0ee678d297d0f14d914946ec67882d691bcd0edee019eee1?s=96&d=mm&r=g","contentUrl":"https:\/\/secure.gravatar.com\/avatar\/056551b3f200835c0ee678d297d0f14d914946ec67882d691bcd0edee019eee1?s=96&d=mm&r=g","caption":"OsaTech"},"description":"Fondata nel 1997 come azienda di consulenza informatica, negli anni Osatech ha acquisito alcune strategiche aziende e le ha integrate nel gruppo. Ad oggi, Osatech Group SA, \u00e8 una societ\u00e0 multi-servizi competente nei seguenti campi: automazione, comunicazione e pubblicit\u00e0, impianti, sicurezza e videosorveglianza, life-care.","sameAs":["https:\/\/osatech.ch"]}]}},"_links":{"self":[{"href":"https:\/\/osatech.ch\/it\/wp-json\/wp\/v2\/posts\/5342","targetHints":{"allow":["GET"]}}],"collection":[{"href":"https:\/\/osatech.ch\/it\/wp-json\/wp\/v2\/posts"}],"about":[{"href":"https:\/\/osatech.ch\/it\/wp-json\/wp\/v2\/types\/post"}],"author":[{"embeddable":true,"href":"https:\/\/osatech.ch\/it\/wp-json\/wp\/v2\/users\/1"}],"replies":[{"embeddable":true,"href":"https:\/\/osatech.ch\/it\/wp-json\/wp\/v2\/comments?post=5342"}],"version-history":[{"count":12,"href":"https:\/\/osatech.ch\/it\/wp-json\/wp\/v2\/posts\/5342\/revisions"}],"predecessor-version":[{"id":38528,"href":"https:\/\/osatech.ch\/it\/wp-json\/wp\/v2\/posts\/5342\/revisions\/38528"}],"wp:featuredmedia":[{"embeddable":true,"href":"https:\/\/osatech.ch\/it\/wp-json\/wp\/v2\/media\/5343"}],"wp:attachment":[{"href":"https:\/\/osatech.ch\/it\/wp-json\/wp\/v2\/media?parent=5342"}],"wp:term":[{"taxonomy":"category","embeddable":true,"href":"https:\/\/osatech.ch\/it\/wp-json\/wp\/v2\/categories?post=5342"},{"taxonomy":"post_tag","embeddable":true,"href":"https:\/\/osatech.ch\/it\/wp-json\/wp\/v2\/tags?post=5342"}],"curies":[{"name":"wp","href":"https:\/\/api.w.org\/{rel}","templated":true}]}}