{"id":5098,"date":"2019-12-23T13:22:09","date_gmt":"2019-12-23T12:22:09","guid":{"rendered":"https:\/\/osatech.ch\/?p=5098"},"modified":"2023-09-27T11:47:42","modified_gmt":"2023-09-27T09:47:42","slug":"5g-copertura-del-90","status":"publish","type":"post","link":"https:\/\/osatech.ch\/it\/5g-copertura-del-90\/","title":{"rendered":"5G: COPERTURA DEL 90%"},"content":{"rendered":"\t\t<div data-elementor-type=\"wp-post\" data-elementor-id=\"5098\" class=\"elementor elementor-5098\" data-elementor-post-type=\"post\">\n\t\t\t\t\t\t<section class=\"elementor-section elementor-top-section elementor-element elementor-element-81e6d63 elementor-section-boxed elementor-section-height-default elementor-section-height-default\" data-id=\"81e6d63\" data-element_type=\"section\" data-e-type=\"section\">\n\t\t\t\t\t\t<div class=\"elementor-container elementor-column-gap-default\">\n\t\t\t\t\t<div class=\"elementor-column elementor-col-100 elementor-top-column elementor-element elementor-element-e7e98e9\" data-id=\"e7e98e9\" data-element_type=\"column\" data-e-type=\"column\">\n\t\t\t<div class=\"elementor-widget-wrap elementor-element-populated\">\n\t\t\t\t\t\t<div class=\"elementor-element elementor-element-65e3578 elementor-widget elementor-widget-heading\" data-id=\"65e3578\" data-element_type=\"widget\" data-e-type=\"widget\" data-widget_type=\"heading.default\">\n\t\t\t\t\t<h2 class=\"elementor-heading-title elementor-size-default\">5G, Swisscom ha raggiunto il 90% della copertura base<\/h2>\t\t\t\t<\/div>\n\t\t\t\t<div class=\"elementor-element elementor-element-bbdc3a6 elementor-widget elementor-widget-text-editor\" data-id=\"bbdc3a6\" data-element_type=\"widget\" data-e-type=\"widget\" data-widget_type=\"text-editor.default\">\n\t\t\t\t\t\t\t\t\t<p>5G: COPERTURA DEL 90%. I primi apparecchi che potranno disporre di questa versione arriveranno nel 2020. Il CEO: &#8220;La rete \u00e8 pronta&#8221;<\/p>\n<p>Swisscom ha raggiunto l&#8217;obiettivo di coprire oltre il 90% della Svizzera con la tecnologia di comunicazione mobile di ultima generazione (5G) entro la fine dell&#8217;anno. Attualmente si tratta della versione base, pi\u00f9 lenta, per la quale non sono ancora disponibili telefoni cellulari.<\/p>\n<p>&#8220;Costruiamo oggi per il domani. I primi apparecchi che potranno disporre di questa versione base arriveranno nel 2020. La nostra rete \u00e8 pronta&#8221;, ha indicato Urs Schaeppi, CEO del gigante blu, in un&#8217;intervista pubblicata sul sito dell&#8217;azienda.<\/p>\n<p>Nessuna menzione invece in merito alla versione pi\u00f9 avanzata del 5G, che porter\u00e0 a velocit\u00e0 molto pi\u00f9 elevate. Un portavoce di Swisscom ha comunque reso noto che 160 comuni possono gi\u00e0 disporre di questa nuova rete.<\/p>\n<p>In merito alle limitazione imposte, ad esempio tramite moratorie, non riguardano solo l&#8217;introduzione del 5G, ma anche l&#8217;attuale rete 4G. &#8220;\u00c8 come dire: &#8216;stiamo vietando l&#8217;autostrada. Dopotutto, ci sono gi\u00e0 strade di paese che sono perfettamente adeguate'&#8221;, ha aggiunto Schaeppi, augurandosi che il dibattito su questo tema diventi pi\u00f9 obiettivo. Stiamo rispettando tutte le regole e stiamo prendendo molto seriamente i dubbi espressi, ha voluto sottolineare il CEO di Swisscom.<\/p>\n<p>Fonte: <a href=\"https:\/\/www.ticinonews.ch\/svizzera\/494723\/5g-swisscom-ha-raggiunto-il-90-della-copertura-base\">https:\/\/www.ticinonews.ch\/svizzera\/494723\/5g-swisscom-ha-raggiunto-il-90-della-copertura-base<\/a><\/p>\n<p><a href=\"https:\/\/osatech.ch\/contatti\/\">Contattaci per maggiori dettagli<\/a><\/p>\t\t\t\t\t\t\t\t<\/div>\n\t\t\t\t\t<\/div>\n\t\t<\/div>\n\t\t\t\t\t<\/div>\n\t\t<\/section>\n\t\t\t\t<\/div>\n\t\t","protected":false},"excerpt":{"rendered":"<p>5G, Swisscom ha raggiunto il 90% della copertura base 5G: COPERTURA DEL 90%. I primi apparecchi che potranno disporre di questa versione arriveranno nel 2020. Il CEO: &#8220;La rete \u00e8 pronta&#8221; Swisscom ha raggiunto l&#8217;obiettivo di coprire oltre il 90% della Svizzera con la tecnologia di comunicazione mobile di ultima generazione (5G) entro la fine [&hellip;]<\/p>\n","protected":false},"author":1,"featured_media":5099,"comment_status":"closed","ping_status":"closed","sticky":false,"template":"","format":"standard","meta":{"footnotes":""},"categories":[67],"tags":[],"class_list":["post-5098","post","type-post","status-publish","format-standard","has-post-thumbnail","hentry","category-informatica"],"yoast_head":"<!-- This site is optimized with the Yoast SEO plugin v27.0 - https:\/\/yoast.com\/product\/yoast-seo-wordpress\/ -->\n<title>5G: COPERTURA DEL 90% - Approfondimenti Osatech<\/title>\n<meta name=\"description\" content=\"Swisscom ha raggiunto l&#039;obiettivo. 5G: COPERTURA DEL 90% della Svizzera entro la fine dell&#039;anno. Presto attiva la nuova teconologia super veloce.\" \/>\n<meta name=\"robots\" content=\"index, follow, max-snippet:-1, max-image-preview:large, max-video-preview:-1\" \/>\n<link rel=\"canonical\" href=\"https:\/\/osatech.ch\/it\/5g-copertura-del-90\/\" \/>\n<meta property=\"og:locale\" content=\"it_IT\" \/>\n<meta property=\"og:type\" content=\"article\" \/>\n<meta property=\"og:title\" content=\"5G: COPERTURA DEL 90% - Approfondimenti Osatech\" \/>\n<meta property=\"og:description\" content=\"Swisscom ha raggiunto l&#039;obiettivo. 5G: COPERTURA DEL 90% della Svizzera entro la fine dell&#039;anno. Presto attiva la nuova teconologia super veloce.\" \/>\n<meta property=\"og:url\" content=\"https:\/\/osatech.ch\/it\/5g-copertura-del-90\/\" \/>\n<meta property=\"og:site_name\" content=\"Osatech\" \/>\n<meta property=\"article:publisher\" content=\"https:\/\/www.facebook.com\/Osatechgroup\/\" \/>\n<meta property=\"article:published_time\" content=\"2019-12-23T12:22:09+00:00\" \/>\n<meta property=\"article:modified_time\" content=\"2023-09-27T09:47:42+00:00\" \/>\n<meta property=\"og:image\" content=\"https:\/\/osatech.ch\/wp-content\/uploads\/Swisscom_antenne_5_g.jpg\" \/>\n\t<meta property=\"og:image:width\" content=\"840\" \/>\n\t<meta property=\"og:image:height\" content=\"473\" \/>\n\t<meta property=\"og:image:type\" content=\"image\/jpeg\" \/>\n<meta name=\"author\" content=\"OsaTech\" \/>\n<meta name=\"twitter:card\" content=\"summary_large_image\" \/>\n<meta name=\"twitter:label1\" content=\"Scritto da\" \/>\n\t<meta name=\"twitter:data1\" content=\"OsaTech\" \/>\n\t<meta name=\"twitter:label2\" content=\"Tempo di lettura stimato\" \/>\n\t<meta name=\"twitter:data2\" content=\"1 minuto\" \/>\n<script type=\"application\/ld+json\" class=\"yoast-schema-graph\">{\"@context\":\"https:\/\/schema.org\",\"@graph\":[{\"@type\":\"Article\",\"@id\":\"https:\/\/osatech.ch\/it\/5g-copertura-del-90\/#article\",\"isPartOf\":{\"@id\":\"https:\/\/osatech.ch\/it\/5g-copertura-del-90\/\"},\"author\":{\"name\":\"OsaTech\",\"@id\":\"https:\/\/osatech.ch\/en\/#\/schema\/person\/1cb4946dfe57bf2ff58dd38f639e2d97\"},\"headline\":\"5G: COPERTURA DEL 90%\",\"datePublished\":\"2019-12-23T12:22:09+00:00\",\"dateModified\":\"2023-09-27T09:47:42+00:00\",\"mainEntityOfPage\":{\"@id\":\"https:\/\/osatech.ch\/it\/5g-copertura-del-90\/\"},\"wordCount\":229,\"publisher\":{\"@id\":\"https:\/\/osatech.ch\/en\/#organization\"},\"image\":{\"@id\":\"https:\/\/osatech.ch\/it\/5g-copertura-del-90\/#primaryimage\"},\"thumbnailUrl\":\"https:\/\/osatech.ch\/wp-content\/uploads\/Swisscom_antenne_5_g.jpg\",\"articleSection\":[\"Informatica\"],\"inLanguage\":\"it-IT\"},{\"@type\":\"WebPage\",\"@id\":\"https:\/\/osatech.ch\/it\/5g-copertura-del-90\/\",\"url\":\"https:\/\/osatech.ch\/it\/5g-copertura-del-90\/\",\"name\":\"5G: COPERTURA DEL 90% - Approfondimenti Osatech\",\"isPartOf\":{\"@id\":\"https:\/\/osatech.ch\/en\/#website\"},\"primaryImageOfPage\":{\"@id\":\"https:\/\/osatech.ch\/it\/5g-copertura-del-90\/#primaryimage\"},\"image\":{\"@id\":\"https:\/\/osatech.ch\/it\/5g-copertura-del-90\/#primaryimage\"},\"thumbnailUrl\":\"https:\/\/osatech.ch\/wp-content\/uploads\/Swisscom_antenne_5_g.jpg\",\"datePublished\":\"2019-12-23T12:22:09+00:00\",\"dateModified\":\"2023-09-27T09:47:42+00:00\",\"description\":\"Swisscom ha raggiunto l'obiettivo. 5G: COPERTURA DEL 90% della Svizzera entro la fine dell'anno. Presto attiva la nuova teconologia super veloce.\",\"breadcrumb\":{\"@id\":\"https:\/\/osatech.ch\/it\/5g-copertura-del-90\/#breadcrumb\"},\"inLanguage\":\"it-IT\",\"potentialAction\":[{\"@type\":\"ReadAction\",\"target\":[\"https:\/\/osatech.ch\/it\/5g-copertura-del-90\/\"]}]},{\"@type\":\"ImageObject\",\"inLanguage\":\"it-IT\",\"@id\":\"https:\/\/osatech.ch\/it\/5g-copertura-del-90\/#primaryimage\",\"url\":\"https:\/\/osatech.ch\/wp-content\/uploads\/Swisscom_antenne_5_g.jpg\",\"contentUrl\":\"https:\/\/osatech.ch\/wp-content\/uploads\/Swisscom_antenne_5_g.jpg\",\"width\":840,\"height\":473,\"caption\":\"5G: COPERTURA DEL 90%\"},{\"@type\":\"BreadcrumbList\",\"@id\":\"https:\/\/osatech.ch\/it\/5g-copertura-del-90\/#breadcrumb\",\"itemListElement\":[{\"@type\":\"ListItem\",\"position\":1,\"name\":\"Home\",\"item\":\"https:\/\/osatech.ch\/it\/\"},{\"@type\":\"ListItem\",\"position\":2,\"name\":\"5G: COPERTURA DEL 90%\"}]},{\"@type\":\"WebSite\",\"@id\":\"https:\/\/osatech.ch\/en\/#website\",\"url\":\"https:\/\/osatech.ch\/en\/\",\"name\":\"Osatech\",\"description\":\"Assistenza e Consulenza Informatica Ticino\",\"publisher\":{\"@id\":\"https:\/\/osatech.ch\/en\/#organization\"},\"potentialAction\":[{\"@type\":\"SearchAction\",\"target\":{\"@type\":\"EntryPoint\",\"urlTemplate\":\"https:\/\/osatech.ch\/en\/?s={search_term_string}\"},\"query-input\":{\"@type\":\"PropertyValueSpecification\",\"valueRequired\":true,\"valueName\":\"search_term_string\"}}],\"inLanguage\":\"it-IT\"},{\"@type\":\"Organization\",\"@id\":\"https:\/\/osatech.ch\/en\/#organization\",\"name\":\"Osatech Group SA\",\"url\":\"https:\/\/osatech.ch\/en\/\",\"logo\":{\"@type\":\"ImageObject\",\"inLanguage\":\"it-IT\",\"@id\":\"https:\/\/osatech.ch\/en\/#\/schema\/logo\/image\/\",\"url\":\"https:\/\/osatech.ch\/wp-content\/uploads\/logo-osa.webp\",\"contentUrl\":\"https:\/\/osatech.ch\/wp-content\/uploads\/logo-osa.webp\",\"width\":250,\"height\":43,\"caption\":\"Osatech Group SA\"},\"image\":{\"@id\":\"https:\/\/osatech.ch\/en\/#\/schema\/logo\/image\/\"},\"sameAs\":[\"https:\/\/www.facebook.com\/Osatechgroup\/\"]},{\"@type\":\"Person\",\"@id\":\"https:\/\/osatech.ch\/en\/#\/schema\/person\/1cb4946dfe57bf2ff58dd38f639e2d97\",\"name\":\"OsaTech\",\"image\":{\"@type\":\"ImageObject\",\"inLanguage\":\"it-IT\",\"@id\":\"https:\/\/osatech.ch\/en\/#\/schema\/person\/image\/\",\"url\":\"https:\/\/secure.gravatar.com\/avatar\/056551b3f200835c0ee678d297d0f14d914946ec67882d691bcd0edee019eee1?s=96&d=mm&r=g\",\"contentUrl\":\"https:\/\/secure.gravatar.com\/avatar\/056551b3f200835c0ee678d297d0f14d914946ec67882d691bcd0edee019eee1?s=96&d=mm&r=g\",\"caption\":\"OsaTech\"},\"description\":\"Fondata nel 1997 come azienda di consulenza informatica, negli anni Osatech ha acquisito alcune strategiche aziende e le ha integrate nel gruppo. Ad oggi, Osatech Group SA, \u00e8 una societ\u00e0 multi-servizi competente nei seguenti campi: automazione, comunicazione e pubblicit\u00e0, impianti, sicurezza e videosorveglianza, life-care.\",\"sameAs\":[\"https:\/\/osatech.ch\"]}]}<\/script>\n<!-- \/ Yoast SEO plugin. -->","yoast_head_json":{"title":"5G: COPERTURA DEL 90% - Approfondimenti Osatech","description":"Swisscom ha raggiunto l'obiettivo. 5G: COPERTURA DEL 90% della Svizzera entro la fine dell'anno. Presto attiva la nuova teconologia super veloce.","robots":{"index":"index","follow":"follow","max-snippet":"max-snippet:-1","max-image-preview":"max-image-preview:large","max-video-preview":"max-video-preview:-1"},"canonical":"https:\/\/osatech.ch\/it\/5g-copertura-del-90\/","og_locale":"it_IT","og_type":"article","og_title":"5G: COPERTURA DEL 90% - Approfondimenti Osatech","og_description":"Swisscom ha raggiunto l'obiettivo. 5G: COPERTURA DEL 90% della Svizzera entro la fine dell'anno. Presto attiva la nuova teconologia super veloce.","og_url":"https:\/\/osatech.ch\/it\/5g-copertura-del-90\/","og_site_name":"Osatech","article_publisher":"https:\/\/www.facebook.com\/Osatechgroup\/","article_published_time":"2019-12-23T12:22:09+00:00","article_modified_time":"2023-09-27T09:47:42+00:00","og_image":[{"width":840,"height":473,"url":"https:\/\/osatech.ch\/wp-content\/uploads\/Swisscom_antenne_5_g.jpg","type":"image\/jpeg"}],"author":"OsaTech","twitter_card":"summary_large_image","twitter_misc":{"Scritto da":"OsaTech","Tempo di lettura stimato":"1 minuto"},"schema":{"@context":"https:\/\/schema.org","@graph":[{"@type":"Article","@id":"https:\/\/osatech.ch\/it\/5g-copertura-del-90\/#article","isPartOf":{"@id":"https:\/\/osatech.ch\/it\/5g-copertura-del-90\/"},"author":{"name":"OsaTech","@id":"https:\/\/osatech.ch\/en\/#\/schema\/person\/1cb4946dfe57bf2ff58dd38f639e2d97"},"headline":"5G: COPERTURA DEL 90%","datePublished":"2019-12-23T12:22:09+00:00","dateModified":"2023-09-27T09:47:42+00:00","mainEntityOfPage":{"@id":"https:\/\/osatech.ch\/it\/5g-copertura-del-90\/"},"wordCount":229,"publisher":{"@id":"https:\/\/osatech.ch\/en\/#organization"},"image":{"@id":"https:\/\/osatech.ch\/it\/5g-copertura-del-90\/#primaryimage"},"thumbnailUrl":"https:\/\/osatech.ch\/wp-content\/uploads\/Swisscom_antenne_5_g.jpg","articleSection":["Informatica"],"inLanguage":"it-IT"},{"@type":"WebPage","@id":"https:\/\/osatech.ch\/it\/5g-copertura-del-90\/","url":"https:\/\/osatech.ch\/it\/5g-copertura-del-90\/","name":"5G: COPERTURA DEL 90% - Approfondimenti Osatech","isPartOf":{"@id":"https:\/\/osatech.ch\/en\/#website"},"primaryImageOfPage":{"@id":"https:\/\/osatech.ch\/it\/5g-copertura-del-90\/#primaryimage"},"image":{"@id":"https:\/\/osatech.ch\/it\/5g-copertura-del-90\/#primaryimage"},"thumbnailUrl":"https:\/\/osatech.ch\/wp-content\/uploads\/Swisscom_antenne_5_g.jpg","datePublished":"2019-12-23T12:22:09+00:00","dateModified":"2023-09-27T09:47:42+00:00","description":"Swisscom ha raggiunto l'obiettivo. 5G: COPERTURA DEL 90% della Svizzera entro la fine dell'anno. Presto attiva la nuova teconologia super veloce.","breadcrumb":{"@id":"https:\/\/osatech.ch\/it\/5g-copertura-del-90\/#breadcrumb"},"inLanguage":"it-IT","potentialAction":[{"@type":"ReadAction","target":["https:\/\/osatech.ch\/it\/5g-copertura-del-90\/"]}]},{"@type":"ImageObject","inLanguage":"it-IT","@id":"https:\/\/osatech.ch\/it\/5g-copertura-del-90\/#primaryimage","url":"https:\/\/osatech.ch\/wp-content\/uploads\/Swisscom_antenne_5_g.jpg","contentUrl":"https:\/\/osatech.ch\/wp-content\/uploads\/Swisscom_antenne_5_g.jpg","width":840,"height":473,"caption":"5G: COPERTURA DEL 90%"},{"@type":"BreadcrumbList","@id":"https:\/\/osatech.ch\/it\/5g-copertura-del-90\/#breadcrumb","itemListElement":[{"@type":"ListItem","position":1,"name":"Home","item":"https:\/\/osatech.ch\/it\/"},{"@type":"ListItem","position":2,"name":"5G: COPERTURA DEL 90%"}]},{"@type":"WebSite","@id":"https:\/\/osatech.ch\/en\/#website","url":"https:\/\/osatech.ch\/en\/","name":"Osatech","description":"Assistenza e Consulenza Informatica Ticino","publisher":{"@id":"https:\/\/osatech.ch\/en\/#organization"},"potentialAction":[{"@type":"SearchAction","target":{"@type":"EntryPoint","urlTemplate":"https:\/\/osatech.ch\/en\/?s={search_term_string}"},"query-input":{"@type":"PropertyValueSpecification","valueRequired":true,"valueName":"search_term_string"}}],"inLanguage":"it-IT"},{"@type":"Organization","@id":"https:\/\/osatech.ch\/en\/#organization","name":"Osatech Group SA","url":"https:\/\/osatech.ch\/en\/","logo":{"@type":"ImageObject","inLanguage":"it-IT","@id":"https:\/\/osatech.ch\/en\/#\/schema\/logo\/image\/","url":"https:\/\/osatech.ch\/wp-content\/uploads\/logo-osa.webp","contentUrl":"https:\/\/osatech.ch\/wp-content\/uploads\/logo-osa.webp","width":250,"height":43,"caption":"Osatech Group SA"},"image":{"@id":"https:\/\/osatech.ch\/en\/#\/schema\/logo\/image\/"},"sameAs":["https:\/\/www.facebook.com\/Osatechgroup\/"]},{"@type":"Person","@id":"https:\/\/osatech.ch\/en\/#\/schema\/person\/1cb4946dfe57bf2ff58dd38f639e2d97","name":"OsaTech","image":{"@type":"ImageObject","inLanguage":"it-IT","@id":"https:\/\/osatech.ch\/en\/#\/schema\/person\/image\/","url":"https:\/\/secure.gravatar.com\/avatar\/056551b3f200835c0ee678d297d0f14d914946ec67882d691bcd0edee019eee1?s=96&d=mm&r=g","contentUrl":"https:\/\/secure.gravatar.com\/avatar\/056551b3f200835c0ee678d297d0f14d914946ec67882d691bcd0edee019eee1?s=96&d=mm&r=g","caption":"OsaTech"},"description":"Fondata nel 1997 come azienda di consulenza informatica, negli anni Osatech ha acquisito alcune strategiche aziende e le ha integrate nel gruppo. Ad oggi, Osatech Group SA, \u00e8 una societ\u00e0 multi-servizi competente nei seguenti campi: automazione, comunicazione e pubblicit\u00e0, impianti, sicurezza e videosorveglianza, life-care.","sameAs":["https:\/\/osatech.ch"]}]}},"_links":{"self":[{"href":"https:\/\/osatech.ch\/it\/wp-json\/wp\/v2\/posts\/5098","targetHints":{"allow":["GET"]}}],"collection":[{"href":"https:\/\/osatech.ch\/it\/wp-json\/wp\/v2\/posts"}],"about":[{"href":"https:\/\/osatech.ch\/it\/wp-json\/wp\/v2\/types\/post"}],"author":[{"embeddable":true,"href":"https:\/\/osatech.ch\/it\/wp-json\/wp\/v2\/users\/1"}],"replies":[{"embeddable":true,"href":"https:\/\/osatech.ch\/it\/wp-json\/wp\/v2\/comments?post=5098"}],"version-history":[{"count":22,"href":"https:\/\/osatech.ch\/it\/wp-json\/wp\/v2\/posts\/5098\/revisions"}],"predecessor-version":[{"id":36229,"href":"https:\/\/osatech.ch\/it\/wp-json\/wp\/v2\/posts\/5098\/revisions\/36229"}],"wp:featuredmedia":[{"embeddable":true,"href":"https:\/\/osatech.ch\/it\/wp-json\/wp\/v2\/media\/5099"}],"wp:attachment":[{"href":"https:\/\/osatech.ch\/it\/wp-json\/wp\/v2\/media?parent=5098"}],"wp:term":[{"taxonomy":"category","embeddable":true,"href":"https:\/\/osatech.ch\/it\/wp-json\/wp\/v2\/categories?post=5098"},{"taxonomy":"post_tag","embeddable":true,"href":"https:\/\/osatech.ch\/it\/wp-json\/wp\/v2\/tags?post=5098"}],"curies":[{"name":"wp","href":"https:\/\/api.w.org\/{rel}","templated":true}]}}