{"id":24669,"date":"2022-09-27T08:52:39","date_gmt":"2022-09-27T06:52:39","guid":{"rendered":"https:\/\/osatech.ch\/?p=24669"},"modified":"2024-06-19T13:17:17","modified_gmt":"2024-06-19T11:17:17","slug":"il-cancello-automatico-non-si-chiude-ecco-le-cause-piu-comuni-del-malfunzionamento","status":"publish","type":"post","link":"https:\/\/osatech.ch\/it\/il-cancello-automatico-non-si-chiude-ecco-le-cause-piu-comuni-del-malfunzionamento\/","title":{"rendered":"Il Cancello Automatico non si chiude? Ecco le cause pi\u00f9 comuni del malfunzionamento"},"content":{"rendered":"\t\t<div data-elementor-type=\"wp-post\" data-elementor-id=\"24669\" class=\"elementor elementor-24669\" data-elementor-post-type=\"post\">\n\t\t\t\t\t\t<section class=\"elementor-section elementor-top-section elementor-element elementor-element-81e6d63 elementor-section-boxed elementor-section-height-default elementor-section-height-default\" data-id=\"81e6d63\" data-element_type=\"section\" data-e-type=\"section\">\n\t\t\t\t\t\t<div class=\"elementor-container elementor-column-gap-default\">\n\t\t\t\t\t<div class=\"elementor-column elementor-col-100 elementor-top-column elementor-element elementor-element-bd6f00c\" data-id=\"bd6f00c\" data-element_type=\"column\" data-e-type=\"column\">\n\t\t\t<div class=\"elementor-widget-wrap elementor-element-populated\">\n\t\t\t\t\t\t<div class=\"elementor-element elementor-element-16e399c elementor-widget elementor-widget-text-editor\" data-id=\"16e399c\" data-element_type=\"widget\" data-e-type=\"widget\" data-widget_type=\"text-editor.default\">\n\t\t\t\t\t\t\t\t\t<p>Da cosa dipende quando il cancello automatico non si chiude?<\/p><p><span style=\"font-style: inherit; font-weight: inherit;\">Un vero incubo che impedisce il normale svolgimento delle nostre giornate: <\/span><strong style=\"font-style: inherit;\">il cancello elettrico si blocca a met\u00e0 e non si chiude bene<\/strong><span style=\"font-style: inherit; font-weight: inherit;\">.<\/span><\/p><p><span style=\"font-style: inherit; font-weight: inherit;\">Le cause del malfunzionamento potrebbero essere tante e diverse, ma a prescindere dalla loro risoluzione immediata, \u00e8 fondamentale <\/span><strong style=\"font-style: inherit;\">conoscerle per prendere qualche iniziativa<\/strong><span style=\"font-style: inherit; font-weight: inherit;\">, quando possibile, ed evitare di lasciare il cancello aperto o di non poter uscire o entrare con la macchina.<\/span><\/p><p><span style=\"font-style: inherit; font-weight: inherit;\">Probabilmente, in qualche caso dovrai affidarti al parere esperto di un tecnico che possa intervenire, ma intanto possiamo darti qualche <\/span><strong style=\"font-style: inherit;\">utile informazione<\/strong><span style=\"font-style: inherit; font-weight: inherit;\"> sui motivi pi\u00f9 frequenti e comuni del cancello automatico che non si chiude.<\/span><\/p><p><strong style=\"font-style: inherit;\">Se poi preferisci contattarci per ricevere subito assistenza, la nostra prima consulenza \u00e8 sempre gratuita.<\/strong><\/p>\t\t\t\t\t\t\t\t<\/div>\n\t\t\t\t<div class=\"elementor-element elementor-element-428d6e3 elementor-widget elementor-widget-heading\" data-id=\"428d6e3\" data-element_type=\"widget\" data-e-type=\"widget\" data-widget_type=\"heading.default\">\n\t\t\t\t\t<h2 class=\"elementor-heading-title elementor-size-default\">In sintesi, ecco le possibili cause del cancello automatico che non si chiude<\/h2>\t\t\t\t<\/div>\n\t\t\t\t<div class=\"elementor-element elementor-element-53243a2 elementor-widget elementor-widget-text-editor\" data-id=\"53243a2\" data-element_type=\"widget\" data-e-type=\"widget\" data-widget_type=\"text-editor.default\">\n\t\t\t\t\t\t\t\t\t<p>Certo, l\u2019investimento ha avuto un senso nel darti una maggiore libert\u00e0. Grazie all\u2019automazione, infatti, non devi fare sali e scendi per aprire il cancello manualmente.<\/p><p>Ora, per\u00f2, il problema \u00e8 capire perch\u00e9 il cancello d\u00e0 problemi.<\/p><p>Ecco i pi\u00f9 comuni:<\/p><ul><li>guasti meccanici alla centralina<\/li><li>malfunzionamento del telecomando<\/li><li>problemi alle fotocellule di rilevazione<\/li><li>guasti nelle componenti motorizzate<\/li><li>settaggi della scheda<\/li><li>attivazione del blocco di sicurezza<\/li><li>il freddo e il gelo.<\/li><\/ul>\t\t\t\t\t\t\t\t<\/div>\n\t\t\t\t<div class=\"elementor-element elementor-element-a7b77be elementor-widget elementor-widget-heading\" data-id=\"a7b77be\" data-element_type=\"widget\" data-e-type=\"widget\" data-widget_type=\"heading.default\">\n\t\t\t\t\t<h2 class=\"elementor-heading-title elementor-size-default\">I Cancelli Automatici ad Anta e a Scorrimento<\/h2>\t\t\t\t<\/div>\n\t\t\t\t<div class=\"elementor-element elementor-element-a510bb2 elementor-widget elementor-widget-text-editor\" data-id=\"a510bb2\" data-element_type=\"widget\" data-e-type=\"widget\" data-widget_type=\"text-editor.default\">\n\t\t\t\t\t\t\t\t\t<p>I cancelli automatici possono essere di due tipi:<\/p><ul><li>ad anta<\/li><li>a scorrimento.<\/li><\/ul><p>Nel primo caso, il movimento di apertura e chiusura delle ante del cancello dipende dal <strong>motore elettrico<\/strong> che funziona grazie allo scambio di segnali tra il telecomando e la centralina elettronica.<\/p><p><span style=\"font-style: inherit; font-weight: inherit;\">Nel secondo caso, invece, il battente scorre parallelamente sul binario predisposto.<\/span><\/p><p><strong>Entriamo nel dettaglio dei possibili motivi per cui il cancello resta bloccato.<\/strong><\/p>\t\t\t\t\t\t\t\t<\/div>\n\t\t\t\t<div class=\"elementor-element elementor-element-ada44b3 elementor-widget elementor-widget-heading\" data-id=\"ada44b3\" data-element_type=\"widget\" data-e-type=\"widget\" data-widget_type=\"heading.default\">\n\t\t\t\t\t<h3 class=\"elementor-heading-title elementor-size-default\">Le cause dei guasti al cancello automatico<\/h3>\t\t\t\t<\/div>\n\t\t\t\t<div class=\"elementor-element elementor-element-d2e7d76 elementor-widget elementor-widget-text-editor\" data-id=\"d2e7d76\" data-element_type=\"widget\" data-e-type=\"widget\" data-widget_type=\"text-editor.default\">\n\t\t\t\t\t\t\t\t\t<ol><li><strong>Se il problema dipendesse dalla Centralina?<\/strong><\/li><\/ol><p>Il problema della chiusura del cancello potrebbe dipendere dalla centralina, che ha la funzione di ricevere i segnali dai vari sensori.<\/p><p><span style=\"font-style: inherit; font-weight: inherit;\">Se la centralina perde colpi, non riesce pi\u00f9 a gestire l\u2019apertura e la chiusura del cancello.<\/span><\/p><p><span style=\"font-style: inherit; font-weight: inherit;\">Puoi capire se \u00e8 questo il problema, facendo caso <\/span><strong style=\"font-style: inherit;\">se il cancello si apre lentamente<\/strong><span style=\"font-style: inherit; font-weight: inherit;\"> o se le ante si aprono in modo scoordinato.<\/span><\/p><p><strong style=\"font-style: inherit;\">Le cause di un possibile malfunzionamento della centralina sono diverse:<\/strong><\/p><ul><li>un fulmine<\/li><li>sbalzi di tensione elettrica<\/li><li>un problema di comunicazione tra telecomando e centralina.<\/li><\/ul><p>Tutte queste ipotesi sono l\u2019origine della possibile <strong>perdita di programmazione<\/strong> settata inizialmente.<\/p><p>L\u2019intervento necessario per ripristinare il funzionamento \u00e8 la <strong>mappatura dei circuiti elettronici<\/strong>.<\/p><p>Ma il problema del cancello che non si chiude potrebbe anche dipendere da un <strong>problema di comunicazione tra la centralina e il telecomando<\/strong>.<\/p><ol start=\"2\"><li><strong>Il Telecomando<\/strong><\/li><\/ol><p>Il funzionamento anomalo del cancello automatico che non si chiude, potrebbe anche dipendere da una <strong>cattiva comunicazione tra il telecomando e la centralina<\/strong> di comando elettronica del motore.<\/p><p><strong>Le possibili cause?<\/strong><\/p><ul><li>le batterie da cambiare (controlla il Led del telecomando)<\/li><li>problemi di programmazione interna al telecomando (da risolvere con l\u2019assistenza di un tecnico).<\/li><\/ul><ol start=\"3\"><li><strong>Le Fotocellule di Rilevazione o Sensori di Sicurezza<\/strong><\/li><\/ol><p>Le fotocellule di rilevazione sono i sensori che si trovano ai lati dei cancelli automatici.<\/p><p>La loro funzione \u00e8 quella di <strong>rilevare la presenza di ostacoli sulla soglia<\/strong> e bloccare il motore che fa chiudere il cancello elettrico.<\/p><p>Il malfunzionamento potrebbe dipendere dalle fotocellule di rilevazione<\/p><ul><li>rotte, sporche di polvere, terra<\/li><li>ostruite da qualche presenza (insetti, erbacce, piante, rami o altro, che oscurano le fotocellule alterando il normale meccanismo del cancello.<\/li><li>con problemi di allineamento tra il trasmettitore e il ricevitore<\/li><li>usura a causa di un cancello ormai vecchio.<strong style=\"font-style: inherit;\">\u00a0<\/strong><\/li><\/ul><ol start=\"4\"><li><strong>Quando il guasto \u00e8 nel Motore <\/strong><\/li><\/ol><p>Se \u00e8 tanto tempo che non viene revisionato, il motore potrebbe essere la causa del cancello elettrico che si blocca e non funziona come dovrebbe.<\/p><p>Per capirlo, anche in questo caso puoi osservare il <strong>movimento delle ante<\/strong>.<\/p><p>Una delle due ante si blocca? Avanza a singhiozzi? Il movimento delle ante \u00e8 asincrono? Non si chiudono bene e restano bloccate a met\u00e0?<strong><br \/><\/strong><br \/>Le cause dei problemi al motore possono essere diverse e quasi tutte <strong>dipendere dal tempo, dagli anni di vita del cancello.<\/strong><\/p><p>In sintesi, questi sono i motivi che possono interferire con il normale funzionamento del motore del cancello automatico:<\/p><ul><li>l\u2019avvolgimento bruciato<\/li><li>gli ingranaggi rotti<\/li><li>le guarnizioni rovinate<\/li><li>il condensatore scarico e da sostituire.<\/li><\/ul>\t\t\t\t\t\t\t\t<\/div>\n\t\t\t\t<div class=\"elementor-element elementor-element-26127b6 elementor-widget elementor-widget-heading\" data-id=\"26127b6\" data-element_type=\"widget\" data-e-type=\"widget\" data-widget_type=\"heading.default\">\n\t\t\t\t\t<h2 class=\"elementor-heading-title elementor-size-default\">Le Norme di Sicurezza Europee EN 12453 \u2013 EN 12445 che regolano i cancelli automatici scorrevoli  <\/h2>\t\t\t\t<\/div>\n\t\t\t\t<div class=\"elementor-element elementor-element-005fcc7 elementor-widget elementor-widget-text-editor\" data-id=\"005fcc7\" data-element_type=\"widget\" data-e-type=\"widget\" data-widget_type=\"text-editor.default\">\n\t\t\t\t\t\t\t\t\t<p>Esistono precise<strong> norme <\/strong>\u2013 <strong>UNI EN 12453 e EN 12445 <\/strong>che regolano <strong>l\u2019installazione e la manutenzione dei<\/strong> <strong>cancelli o portoni motorizzati<\/strong>, per contenere malfunzionamenti e mettere le persone al riparo da eventuali incidenti.<\/p><p><span style=\"font-style: inherit; font-weight: inherit;\">Si tratta di norme che definiscono le <\/span><strong style=\"font-style: inherit;\">caratteristiche tecniche e operative<\/strong><span style=\"font-style: inherit; font-weight: inherit;\"> che deve avere il sistema automatizzato ma, come premesso, sono <\/span><strong style=\"font-style: inherit;\">norme volontarie, non soggette alle sanzioni<\/strong><span style=\"font-style: inherit; font-weight: inherit;\"> per chi non le rispetta, mentre esistono sanzioni di natura civile e penale per chi non rispetta le Direttive Europee.<\/span><\/p><p><span style=\"font-style: inherit; font-weight: inherit;\">In questa categoria di cancelli e portoni motorizzati rientrano, tra gli altri, i <\/span><strong style=\"font-style: inherit;\">cancelli automatici scorrevoli<\/strong><span style=\"font-style: inherit; font-weight: inherit;\"> che devono essere sottoposti a determinati controlli anche prima della loro automazione.<\/span><\/p><p><span style=\"font-style: inherit; font-weight: inherit;\">Nel caso dei cancelli automatici, che durante l\u2019apertura e la chiusura potrebbero causare danni e incidenti, la Comunit\u00e0 Europea ha stabilito alcuni <\/span><strong style=\"font-style: inherit;\">requisiti di conformit\u00e0 di costruzione e funzionamento.<\/strong><\/p><p><strong style=\"font-style: inherit;\">In breve, si vuole garantire che<\/strong> <strong style=\"font-style: inherit;\">il cancello automatico:<\/strong><\/p><ul><li>sia sicuro contro i rischi di schiacciamento e funzionante dal punto di vista elettrico<\/li><li>integri un motore in grado di eseguire correttamente le manovre di apertura e di chiusura dell\u2019anta<\/li><li>non abbia punti sporgenti e non ostacoli il transito pedonale.<\/li><\/ul><p>Vediamoli pi\u00f9 nel dettaglio in questo prossimo paragrafo.<\/p>\t\t\t\t\t\t\t\t<\/div>\n\t\t\t\t<div class=\"elementor-element elementor-element-372df32 elementor-widget elementor-widget-heading\" data-id=\"372df32\" data-element_type=\"widget\" data-e-type=\"widget\" data-widget_type=\"heading.default\">\n\t\t\t\t\t<h2 class=\"elementor-heading-title elementor-size-default\">5.\tAltre possibili cause del cancello che non si chiude<\/h2>\t\t\t\t<\/div>\n\t\t\t\t<div class=\"elementor-element elementor-element-d511859 elementor-widget elementor-widget-heading\" data-id=\"d511859\" data-element_type=\"widget\" data-e-type=\"widget\" data-widget_type=\"heading.default\">\n\t\t\t\t\t<h3 class=\"elementor-heading-title elementor-size-default\">I settaggi della scheda\n<\/h3>\t\t\t\t<\/div>\n\t\t\t\t<div class=\"elementor-element elementor-element-e499126 elementor-widget elementor-widget-text-editor\" data-id=\"e499126\" data-element_type=\"widget\" data-e-type=\"widget\" data-widget_type=\"text-editor.default\">\n\t\t\t\t\t\t\t\t\t<p>Uno dei possibili errori che alterano il meccanismo di chiusura del cancello automatico potrebbe dipendere dal <strong>settaggio della scheda<\/strong> che prevede la chiusura manuale e non quella automatica.<\/p>\t\t\t\t\t\t\t\t<\/div>\n\t\t\t\t<div class=\"elementor-element elementor-element-7dd7da1 elementor-widget elementor-widget-heading\" data-id=\"7dd7da1\" data-element_type=\"widget\" data-e-type=\"widget\" data-widget_type=\"heading.default\">\n\t\t\t\t\t<h3 class=\"elementor-heading-title elementor-size-default\">L\u2019attivazione del blocco di sicurezza e la centralina che non fa muovere il cancello <\/h3>\t\t\t\t<\/div>\n\t\t\t\t<div class=\"elementor-element elementor-element-84adb2c elementor-widget elementor-widget-text-editor\" data-id=\"84adb2c\" data-element_type=\"widget\" data-e-type=\"widget\" data-widget_type=\"text-editor.default\">\n\t\t\t\t\t\t\t\t\t<p>Il blocco di sicurezza ha il compito di impedire all\u2019anta di muoversi. Se \u00e8 attivato, <strong>la centralina non far\u00e0 partire il movimento del cancello<\/strong> perch\u00e9 \u201cconfonde\u201d il blocco di attivazione con la presenza di un ostacolo che starebbe bloccando il cancello.<\/p>\t\t\t\t\t\t\t\t<\/div>\n\t\t\t\t<div class=\"elementor-element elementor-element-c6ff52b elementor-widget elementor-widget-heading\" data-id=\"c6ff52b\" data-element_type=\"widget\" data-e-type=\"widget\" data-widget_type=\"heading.default\">\n\t\t\t\t\t<h3 class=\"elementor-heading-title elementor-size-default\">Freddo e Gelo nei mesi invernali<\/h3>\t\t\t\t<\/div>\n\t\t\t\t<div class=\"elementor-element elementor-element-ef97f30 elementor-widget elementor-widget-text-editor\" data-id=\"ef97f30\" data-element_type=\"widget\" data-e-type=\"widget\" data-widget_type=\"text-editor.default\">\n\t\t\t\t\t\t\t\t\t<p>Quando durante i mesi invernali si verificano le classiche gelate, a farne le spese sono anche le <strong>ante del cancello automatico<\/strong> che gelano.<\/p><p><span style=\"font-style: inherit; font-weight: inherit;\">Come pure, a causa delle temperature rigide pu\u00f2 succedere che <\/span><strong style=\"font-style: inherit;\">si raffreddi e si addensi l\u2019olio nel motore e nei pistoni<\/strong><span style=\"font-style: inherit; font-weight: inherit;\">, perdendo cos\u00ec la capacit\u00e0 di lubrificazione e causando il malfunzionamento nell\u2019apertura e chiusura del cancello automatico.<\/span><\/p><p><span style=\"font-style: inherit; font-weight: inherit;\">Bene, siamo giunti alla fine di questo percorso alla ricerca della causa del malfunzionamento del cancello automatico.<\/span><\/p><p><span style=\"font-style: inherit; font-weight: inherit;\">Se non puoi intervenire in autonomia, in attesa di risolvere il guasto puoi comunque sbloccare la situazione. <\/span><strong style=\"font-style: inherit;\">\u00a0<\/strong><\/p>\t\t\t\t\t\t\t\t<\/div>\n\t\t\t\t<div class=\"elementor-element elementor-element-1bc7257 elementor-widget elementor-widget-heading\" data-id=\"1bc7257\" data-element_type=\"widget\" data-e-type=\"widget\" data-widget_type=\"heading.default\">\n\t\t\t\t\t<h2 class=\"elementor-heading-title elementor-size-default\">Ecco cosa fare per sbloccare il cancello automatico che non si chiude<\/h2>\t\t\t\t<\/div>\n\t\t\t\t<div class=\"elementor-element elementor-element-a576bb1 elementor-widget elementor-widget-text-editor\" data-id=\"a576bb1\" data-element_type=\"widget\" data-e-type=\"widget\" data-widget_type=\"text-editor.default\">\n\t\t\t\t\t\t\t\t\t<p>\u00c8 evidente che in molti dei casi descritti sopra bisogner\u00e0 affidarsi all\u2019intervento di un tecnico specializzato nella manutenzione dei cancelli elettrici.\u00a0<\/p><p><span style=\"font-style: inherit; font-weight: inherit;\">Comunque, c\u2019\u00e8 sempre una soluzione per sbloccare il cancello automatico: <\/span><strong style=\"font-style: inherit;\">attivare i meccanismi di apertura manuale<\/strong><span style=\"font-style: inherit; font-weight: inherit;\"> con una chiave lasciata in dotazione dall\u2019installatore, che dovresti sempre avere a portata di mano.\u00a0<\/span><\/p><p><span style=\"font-style: inherit; font-weight: inherit;\">Con la chiave potrai <\/span><strong style=\"font-style: inherit;\">aprire il vano motore<\/strong><span style=\"font-style: inherit; font-weight: inherit;\">, lo sportellino che si trova sul motore per intenderci, e l\u00ec dentro <\/span><strong style=\"font-style: inherit;\">girare la manopola<\/strong> <strong style=\"font-style: inherit;\">in senso antiorario<\/strong><span style=\"font-style: inherit; font-weight: inherit;\"> per sbloccare il meccanismo elettrico e passare alla <\/span><strong style=\"font-style: inherit;\">modalit\u00e0 di apertura e chiusura manuale<\/strong><span style=\"font-style: inherit; font-weight: inherit;\">.\u00a0<\/span><\/p><p><a style=\"font-family: var( --e-global-typography-text-font-family ), Sans-serif; font-size: var( --e-global-typography-text-font-size ); font-style: var( --e-global-typography-text-font-style ); font-weight: var( --e-global-typography-text-font-weight ); letter-spacing: var( --e-global-typography-text-letter-spacing ); text-transform: var( --e-global-typography-text-text-transform ); background-color: #fffaf5;\" href=\"https:\/\/osatech.ch\/contatti\" target=\"_blank\" rel=\"noopener\">Contattaci<\/a><strong style=\"font-style: inherit;\">pure per richiedere il nostro supporto, se stai avendo problemi con il tuo cancello automatico e volessi vederci pi\u00f9 chiaro. La nostra prima consulenza \u00e8 gratuita.<\/strong><\/p>\t\t\t\t\t\t\t\t<\/div>\n\t\t\t\t\t<\/div>\n\t\t<\/div>\n\t\t\t\t\t<\/div>\n\t\t<\/section>\n\t\t\t\t<\/div>\n\t\t","protected":false},"excerpt":{"rendered":"<p>Da cosa dipende quando il cancello automatico non si chiude? <\/p>\n<p>Un vero incubo che impedisce il normale svolgimento delle nostre giornate: il cancello elettrico si blocca a met\u00e0 e non si chiude bene.<\/p>\n","protected":false},"author":1,"featured_media":24670,"comment_status":"closed","ping_status":"closed","sticky":false,"template":"","format":"standard","meta":{"footnotes":""},"categories":[82],"tags":[62],"class_list":["post-24669","post","type-post","status-publish","format-standard","has-post-thumbnail","hentry","category-automazioni","tag-osatech"],"yoast_head":"<!-- This site is optimized with the Yoast SEO plugin v27.0 - https:\/\/yoast.com\/product\/yoast-seo-wordpress\/ -->\n<title>Osatech - Il Cancello Automatico non si chiude?<\/title>\n<meta name=\"description\" content=\"Da cosa dipende quando il cancello automatico non si chiude? Un vero incubo che impedisce il normale svolgimento delle nostre giornate\" \/>\n<meta name=\"robots\" content=\"index, follow, max-snippet:-1, max-image-preview:large, max-video-preview:-1\" \/>\n<link rel=\"canonical\" href=\"https:\/\/osatech.ch\/it\/il-cancello-automatico-non-si-chiude-ecco-le-cause-piu-comuni-del-malfunzionamento\/\" \/>\n<meta property=\"og:locale\" content=\"it_IT\" \/>\n<meta property=\"og:type\" content=\"article\" \/>\n<meta property=\"og:title\" content=\"Il Cancello Automatico non si chiude? Ecco le cause pi\u00f9 comuni del malfunzionamento\" \/>\n<meta property=\"og:description\" content=\"Da cosa dipende quando il cancello automatico non si chiude? Un vero incubo che impedisce il normale svolgimento delle nostre giornate: il cancello elettrico si blocca a met\u00e0 e non si chiude bene.\" \/>\n<meta property=\"og:url\" content=\"https:\/\/osatech.ch\/it\/il-cancello-automatico-non-si-chiude-ecco-le-cause-piu-comuni-del-malfunzionamento\/\" \/>\n<meta property=\"og:site_name\" content=\"Osatech\" \/>\n<meta property=\"article:publisher\" content=\"https:\/\/www.facebook.com\/Osatechgroup\/\" \/>\n<meta property=\"article:published_time\" content=\"2022-09-27T06:52:39+00:00\" \/>\n<meta property=\"article:modified_time\" content=\"2024-06-19T11:17:17+00:00\" \/>\n<meta property=\"og:image\" content=\"https:\/\/osatech.ch\/wp-content\/uploads\/1-cancelli-automatici-non-si-chiudono.jpg\" \/>\n\t<meta property=\"og:image:width\" content=\"1280\" \/>\n\t<meta property=\"og:image:height\" content=\"840\" \/>\n\t<meta property=\"og:image:type\" content=\"image\/jpeg\" \/>\n<meta name=\"author\" content=\"OsaTech\" \/>\n<meta name=\"twitter:card\" content=\"summary_large_image\" \/>\n<meta name=\"twitter:title\" content=\"Il Cancello Automatico non si chiude? Ecco le cause pi\u00f9 comuni del malfunzionamento\" \/>\n<meta name=\"twitter:description\" content=\"Da cosa dipende quando il cancello automatico non si chiude? Un vero incubo che impedisce il normale svolgimento delle nostre giornate: il cancello elettrico si blocca a met\u00e0 e non si chiude bene.\" \/>\n<meta name=\"twitter:image\" content=\"https:\/\/osatech.ch\/wp-content\/uploads\/1-cancelli-automatici-non-si-chiudono.jpg\" \/>\n<meta name=\"twitter:label1\" content=\"Scritto da\" \/>\n\t<meta name=\"twitter:data1\" content=\"OsaTech\" \/>\n\t<meta name=\"twitter:label2\" content=\"Tempo di lettura stimato\" \/>\n\t<meta name=\"twitter:data2\" content=\"6 minuti\" \/>\n<script type=\"application\/ld+json\" class=\"yoast-schema-graph\">{\"@context\":\"https:\/\/schema.org\",\"@graph\":[{\"@type\":\"Article\",\"@id\":\"https:\/\/osatech.ch\/it\/il-cancello-automatico-non-si-chiude-ecco-le-cause-piu-comuni-del-malfunzionamento\/#article\",\"isPartOf\":{\"@id\":\"https:\/\/osatech.ch\/it\/il-cancello-automatico-non-si-chiude-ecco-le-cause-piu-comuni-del-malfunzionamento\/\"},\"author\":{\"name\":\"OsaTech\",\"@id\":\"https:\/\/osatech.ch\/en\/#\/schema\/person\/1cb4946dfe57bf2ff58dd38f639e2d97\"},\"headline\":\"Il Cancello Automatico non si chiude? Ecco le cause pi\u00f9 comuni del malfunzionamento\",\"datePublished\":\"2022-09-27T06:52:39+00:00\",\"dateModified\":\"2024-06-19T11:17:17+00:00\",\"mainEntityOfPage\":{\"@id\":\"https:\/\/osatech.ch\/it\/il-cancello-automatico-non-si-chiude-ecco-le-cause-piu-comuni-del-malfunzionamento\/\"},\"wordCount\":1246,\"publisher\":{\"@id\":\"https:\/\/osatech.ch\/en\/#organization\"},\"image\":{\"@id\":\"https:\/\/osatech.ch\/it\/il-cancello-automatico-non-si-chiude-ecco-le-cause-piu-comuni-del-malfunzionamento\/#primaryimage\"},\"thumbnailUrl\":\"https:\/\/osatech.ch\/wp-content\/uploads\/1-cancelli-automatici-non-si-chiudono.jpg\",\"keywords\":[\"OSATECH\"],\"articleSection\":[\"Automazioni\"],\"inLanguage\":\"it-IT\"},{\"@type\":\"WebPage\",\"@id\":\"https:\/\/osatech.ch\/it\/il-cancello-automatico-non-si-chiude-ecco-le-cause-piu-comuni-del-malfunzionamento\/\",\"url\":\"https:\/\/osatech.ch\/it\/il-cancello-automatico-non-si-chiude-ecco-le-cause-piu-comuni-del-malfunzionamento\/\",\"name\":\"Osatech - Il Cancello Automatico non si chiude?\",\"isPartOf\":{\"@id\":\"https:\/\/osatech.ch\/en\/#website\"},\"primaryImageOfPage\":{\"@id\":\"https:\/\/osatech.ch\/it\/il-cancello-automatico-non-si-chiude-ecco-le-cause-piu-comuni-del-malfunzionamento\/#primaryimage\"},\"image\":{\"@id\":\"https:\/\/osatech.ch\/it\/il-cancello-automatico-non-si-chiude-ecco-le-cause-piu-comuni-del-malfunzionamento\/#primaryimage\"},\"thumbnailUrl\":\"https:\/\/osatech.ch\/wp-content\/uploads\/1-cancelli-automatici-non-si-chiudono.jpg\",\"datePublished\":\"2022-09-27T06:52:39+00:00\",\"dateModified\":\"2024-06-19T11:17:17+00:00\",\"description\":\"Da cosa dipende quando il cancello automatico non si chiude? Un vero incubo che impedisce il normale svolgimento delle nostre giornate\",\"breadcrumb\":{\"@id\":\"https:\/\/osatech.ch\/it\/il-cancello-automatico-non-si-chiude-ecco-le-cause-piu-comuni-del-malfunzionamento\/#breadcrumb\"},\"inLanguage\":\"it-IT\",\"potentialAction\":[{\"@type\":\"ReadAction\",\"target\":[\"https:\/\/osatech.ch\/it\/il-cancello-automatico-non-si-chiude-ecco-le-cause-piu-comuni-del-malfunzionamento\/\"]}]},{\"@type\":\"ImageObject\",\"inLanguage\":\"it-IT\",\"@id\":\"https:\/\/osatech.ch\/it\/il-cancello-automatico-non-si-chiude-ecco-le-cause-piu-comuni-del-malfunzionamento\/#primaryimage\",\"url\":\"https:\/\/osatech.ch\/wp-content\/uploads\/1-cancelli-automatici-non-si-chiudono.jpg\",\"contentUrl\":\"https:\/\/osatech.ch\/wp-content\/uploads\/1-cancelli-automatici-non-si-chiudono.jpg\",\"width\":1280,\"height\":840,\"caption\":\"1 cancelli automatici non si chiudono\"},{\"@type\":\"BreadcrumbList\",\"@id\":\"https:\/\/osatech.ch\/it\/il-cancello-automatico-non-si-chiude-ecco-le-cause-piu-comuni-del-malfunzionamento\/#breadcrumb\",\"itemListElement\":[{\"@type\":\"ListItem\",\"position\":1,\"name\":\"Home\",\"item\":\"https:\/\/osatech.ch\/it\/\"},{\"@type\":\"ListItem\",\"position\":2,\"name\":\"Il Cancello Automatico non si chiude? Ecco le cause pi\u00f9 comuni del malfunzionamento\"}]},{\"@type\":\"WebSite\",\"@id\":\"https:\/\/osatech.ch\/en\/#website\",\"url\":\"https:\/\/osatech.ch\/en\/\",\"name\":\"Osatech\",\"description\":\"Assistenza e Consulenza Informatica Ticino\",\"publisher\":{\"@id\":\"https:\/\/osatech.ch\/en\/#organization\"},\"potentialAction\":[{\"@type\":\"SearchAction\",\"target\":{\"@type\":\"EntryPoint\",\"urlTemplate\":\"https:\/\/osatech.ch\/en\/?s={search_term_string}\"},\"query-input\":{\"@type\":\"PropertyValueSpecification\",\"valueRequired\":true,\"valueName\":\"search_term_string\"}}],\"inLanguage\":\"it-IT\"},{\"@type\":\"Organization\",\"@id\":\"https:\/\/osatech.ch\/en\/#organization\",\"name\":\"Osatech Group SA\",\"url\":\"https:\/\/osatech.ch\/en\/\",\"logo\":{\"@type\":\"ImageObject\",\"inLanguage\":\"it-IT\",\"@id\":\"https:\/\/osatech.ch\/en\/#\/schema\/logo\/image\/\",\"url\":\"https:\/\/osatech.ch\/wp-content\/uploads\/logo-osa.webp\",\"contentUrl\":\"https:\/\/osatech.ch\/wp-content\/uploads\/logo-osa.webp\",\"width\":250,\"height\":43,\"caption\":\"Osatech Group SA\"},\"image\":{\"@id\":\"https:\/\/osatech.ch\/en\/#\/schema\/logo\/image\/\"},\"sameAs\":[\"https:\/\/www.facebook.com\/Osatechgroup\/\"]},{\"@type\":\"Person\",\"@id\":\"https:\/\/osatech.ch\/en\/#\/schema\/person\/1cb4946dfe57bf2ff58dd38f639e2d97\",\"name\":\"OsaTech\",\"image\":{\"@type\":\"ImageObject\",\"inLanguage\":\"it-IT\",\"@id\":\"https:\/\/osatech.ch\/en\/#\/schema\/person\/image\/\",\"url\":\"https:\/\/secure.gravatar.com\/avatar\/056551b3f200835c0ee678d297d0f14d914946ec67882d691bcd0edee019eee1?s=96&d=mm&r=g\",\"contentUrl\":\"https:\/\/secure.gravatar.com\/avatar\/056551b3f200835c0ee678d297d0f14d914946ec67882d691bcd0edee019eee1?s=96&d=mm&r=g\",\"caption\":\"OsaTech\"},\"description\":\"Fondata nel 1997 come azienda di consulenza informatica, negli anni Osatech ha acquisito alcune strategiche aziende e le ha integrate nel gruppo. Ad oggi, Osatech Group SA, \u00e8 una societ\u00e0 multi-servizi competente nei seguenti campi: automazione, comunicazione e pubblicit\u00e0, impianti, sicurezza e videosorveglianza, life-care.\",\"sameAs\":[\"https:\/\/osatech.ch\"]}]}<\/script>\n<!-- \/ Yoast SEO plugin. -->","yoast_head_json":{"title":"Osatech - Il Cancello Automatico non si chiude?","description":"Da cosa dipende quando il cancello automatico non si chiude? Un vero incubo che impedisce il normale svolgimento delle nostre giornate","robots":{"index":"index","follow":"follow","max-snippet":"max-snippet:-1","max-image-preview":"max-image-preview:large","max-video-preview":"max-video-preview:-1"},"canonical":"https:\/\/osatech.ch\/it\/il-cancello-automatico-non-si-chiude-ecco-le-cause-piu-comuni-del-malfunzionamento\/","og_locale":"it_IT","og_type":"article","og_title":"Il Cancello Automatico non si chiude? Ecco le cause pi\u00f9 comuni del malfunzionamento","og_description":"Da cosa dipende quando il cancello automatico non si chiude? Un vero incubo che impedisce il normale svolgimento delle nostre giornate: il cancello elettrico si blocca a met\u00e0 e non si chiude bene.","og_url":"https:\/\/osatech.ch\/it\/il-cancello-automatico-non-si-chiude-ecco-le-cause-piu-comuni-del-malfunzionamento\/","og_site_name":"Osatech","article_publisher":"https:\/\/www.facebook.com\/Osatechgroup\/","article_published_time":"2022-09-27T06:52:39+00:00","article_modified_time":"2024-06-19T11:17:17+00:00","og_image":[{"width":1280,"height":840,"url":"https:\/\/osatech.ch\/wp-content\/uploads\/1-cancelli-automatici-non-si-chiudono.jpg","type":"image\/jpeg"}],"author":"OsaTech","twitter_card":"summary_large_image","twitter_title":"Il Cancello Automatico non si chiude? Ecco le cause pi\u00f9 comuni del malfunzionamento","twitter_description":"Da cosa dipende quando il cancello automatico non si chiude? Un vero incubo che impedisce il normale svolgimento delle nostre giornate: il cancello elettrico si blocca a met\u00e0 e non si chiude bene.","twitter_image":"https:\/\/osatech.ch\/wp-content\/uploads\/1-cancelli-automatici-non-si-chiudono.jpg","twitter_misc":{"Scritto da":"OsaTech","Tempo di lettura stimato":"6 minuti"},"schema":{"@context":"https:\/\/schema.org","@graph":[{"@type":"Article","@id":"https:\/\/osatech.ch\/it\/il-cancello-automatico-non-si-chiude-ecco-le-cause-piu-comuni-del-malfunzionamento\/#article","isPartOf":{"@id":"https:\/\/osatech.ch\/it\/il-cancello-automatico-non-si-chiude-ecco-le-cause-piu-comuni-del-malfunzionamento\/"},"author":{"name":"OsaTech","@id":"https:\/\/osatech.ch\/en\/#\/schema\/person\/1cb4946dfe57bf2ff58dd38f639e2d97"},"headline":"Il Cancello Automatico non si chiude? Ecco le cause pi\u00f9 comuni del malfunzionamento","datePublished":"2022-09-27T06:52:39+00:00","dateModified":"2024-06-19T11:17:17+00:00","mainEntityOfPage":{"@id":"https:\/\/osatech.ch\/it\/il-cancello-automatico-non-si-chiude-ecco-le-cause-piu-comuni-del-malfunzionamento\/"},"wordCount":1246,"publisher":{"@id":"https:\/\/osatech.ch\/en\/#organization"},"image":{"@id":"https:\/\/osatech.ch\/it\/il-cancello-automatico-non-si-chiude-ecco-le-cause-piu-comuni-del-malfunzionamento\/#primaryimage"},"thumbnailUrl":"https:\/\/osatech.ch\/wp-content\/uploads\/1-cancelli-automatici-non-si-chiudono.jpg","keywords":["OSATECH"],"articleSection":["Automazioni"],"inLanguage":"it-IT"},{"@type":"WebPage","@id":"https:\/\/osatech.ch\/it\/il-cancello-automatico-non-si-chiude-ecco-le-cause-piu-comuni-del-malfunzionamento\/","url":"https:\/\/osatech.ch\/it\/il-cancello-automatico-non-si-chiude-ecco-le-cause-piu-comuni-del-malfunzionamento\/","name":"Osatech - Il Cancello Automatico non si chiude?","isPartOf":{"@id":"https:\/\/osatech.ch\/en\/#website"},"primaryImageOfPage":{"@id":"https:\/\/osatech.ch\/it\/il-cancello-automatico-non-si-chiude-ecco-le-cause-piu-comuni-del-malfunzionamento\/#primaryimage"},"image":{"@id":"https:\/\/osatech.ch\/it\/il-cancello-automatico-non-si-chiude-ecco-le-cause-piu-comuni-del-malfunzionamento\/#primaryimage"},"thumbnailUrl":"https:\/\/osatech.ch\/wp-content\/uploads\/1-cancelli-automatici-non-si-chiudono.jpg","datePublished":"2022-09-27T06:52:39+00:00","dateModified":"2024-06-19T11:17:17+00:00","description":"Da cosa dipende quando il cancello automatico non si chiude? Un vero incubo che impedisce il normale svolgimento delle nostre giornate","breadcrumb":{"@id":"https:\/\/osatech.ch\/it\/il-cancello-automatico-non-si-chiude-ecco-le-cause-piu-comuni-del-malfunzionamento\/#breadcrumb"},"inLanguage":"it-IT","potentialAction":[{"@type":"ReadAction","target":["https:\/\/osatech.ch\/it\/il-cancello-automatico-non-si-chiude-ecco-le-cause-piu-comuni-del-malfunzionamento\/"]}]},{"@type":"ImageObject","inLanguage":"it-IT","@id":"https:\/\/osatech.ch\/it\/il-cancello-automatico-non-si-chiude-ecco-le-cause-piu-comuni-del-malfunzionamento\/#primaryimage","url":"https:\/\/osatech.ch\/wp-content\/uploads\/1-cancelli-automatici-non-si-chiudono.jpg","contentUrl":"https:\/\/osatech.ch\/wp-content\/uploads\/1-cancelli-automatici-non-si-chiudono.jpg","width":1280,"height":840,"caption":"1 cancelli automatici non si chiudono"},{"@type":"BreadcrumbList","@id":"https:\/\/osatech.ch\/it\/il-cancello-automatico-non-si-chiude-ecco-le-cause-piu-comuni-del-malfunzionamento\/#breadcrumb","itemListElement":[{"@type":"ListItem","position":1,"name":"Home","item":"https:\/\/osatech.ch\/it\/"},{"@type":"ListItem","position":2,"name":"Il Cancello Automatico non si chiude? Ecco le cause pi\u00f9 comuni del malfunzionamento"}]},{"@type":"WebSite","@id":"https:\/\/osatech.ch\/en\/#website","url":"https:\/\/osatech.ch\/en\/","name":"Osatech","description":"Assistenza e Consulenza Informatica Ticino","publisher":{"@id":"https:\/\/osatech.ch\/en\/#organization"},"potentialAction":[{"@type":"SearchAction","target":{"@type":"EntryPoint","urlTemplate":"https:\/\/osatech.ch\/en\/?s={search_term_string}"},"query-input":{"@type":"PropertyValueSpecification","valueRequired":true,"valueName":"search_term_string"}}],"inLanguage":"it-IT"},{"@type":"Organization","@id":"https:\/\/osatech.ch\/en\/#organization","name":"Osatech Group SA","url":"https:\/\/osatech.ch\/en\/","logo":{"@type":"ImageObject","inLanguage":"it-IT","@id":"https:\/\/osatech.ch\/en\/#\/schema\/logo\/image\/","url":"https:\/\/osatech.ch\/wp-content\/uploads\/logo-osa.webp","contentUrl":"https:\/\/osatech.ch\/wp-content\/uploads\/logo-osa.webp","width":250,"height":43,"caption":"Osatech Group SA"},"image":{"@id":"https:\/\/osatech.ch\/en\/#\/schema\/logo\/image\/"},"sameAs":["https:\/\/www.facebook.com\/Osatechgroup\/"]},{"@type":"Person","@id":"https:\/\/osatech.ch\/en\/#\/schema\/person\/1cb4946dfe57bf2ff58dd38f639e2d97","name":"OsaTech","image":{"@type":"ImageObject","inLanguage":"it-IT","@id":"https:\/\/osatech.ch\/en\/#\/schema\/person\/image\/","url":"https:\/\/secure.gravatar.com\/avatar\/056551b3f200835c0ee678d297d0f14d914946ec67882d691bcd0edee019eee1?s=96&d=mm&r=g","contentUrl":"https:\/\/secure.gravatar.com\/avatar\/056551b3f200835c0ee678d297d0f14d914946ec67882d691bcd0edee019eee1?s=96&d=mm&r=g","caption":"OsaTech"},"description":"Fondata nel 1997 come azienda di consulenza informatica, negli anni Osatech ha acquisito alcune strategiche aziende e le ha integrate nel gruppo. Ad oggi, Osatech Group SA, \u00e8 una societ\u00e0 multi-servizi competente nei seguenti campi: automazione, comunicazione e pubblicit\u00e0, impianti, sicurezza e videosorveglianza, life-care.","sameAs":["https:\/\/osatech.ch"]}]}},"_links":{"self":[{"href":"https:\/\/osatech.ch\/it\/wp-json\/wp\/v2\/posts\/24669","targetHints":{"allow":["GET"]}}],"collection":[{"href":"https:\/\/osatech.ch\/it\/wp-json\/wp\/v2\/posts"}],"about":[{"href":"https:\/\/osatech.ch\/it\/wp-json\/wp\/v2\/types\/post"}],"author":[{"embeddable":true,"href":"https:\/\/osatech.ch\/it\/wp-json\/wp\/v2\/users\/1"}],"replies":[{"embeddable":true,"href":"https:\/\/osatech.ch\/it\/wp-json\/wp\/v2\/comments?post=24669"}],"version-history":[{"count":10,"href":"https:\/\/osatech.ch\/it\/wp-json\/wp\/v2\/posts\/24669\/revisions"}],"predecessor-version":[{"id":41365,"href":"https:\/\/osatech.ch\/it\/wp-json\/wp\/v2\/posts\/24669\/revisions\/41365"}],"wp:featuredmedia":[{"embeddable":true,"href":"https:\/\/osatech.ch\/it\/wp-json\/wp\/v2\/media\/24670"}],"wp:attachment":[{"href":"https:\/\/osatech.ch\/it\/wp-json\/wp\/v2\/media?parent=24669"}],"wp:term":[{"taxonomy":"category","embeddable":true,"href":"https:\/\/osatech.ch\/it\/wp-json\/wp\/v2\/categories?post=24669"},{"taxonomy":"post_tag","embeddable":true,"href":"https:\/\/osatech.ch\/it\/wp-json\/wp\/v2\/tags?post=24669"}],"curies":[{"name":"wp","href":"https:\/\/api.w.org\/{rel}","templated":true}]}}